{"id":31561,"date":"2026-05-02T04:14:33","date_gmt":"2026-05-02T04:14:33","guid":{"rendered":"https:\/\/eskigazeteci.com\/?p=31561"},"modified":"2026-05-02T04:14:33","modified_gmt":"2026-05-02T04:14:33","slug":"aile-ve-nufus-on-yili-konulu-genelge-resmi-gazetede","status":"publish","type":"post","link":"https:\/\/eskigazeteci.com\/?p=31561","title":{"rendered":"Aile ve N\u00fcfus On Y\u0131l\u0131 konulu genelge Resmi Gazete&#8217;de"},"content":{"rendered":"<p>Cumhurba\u015fkan\u0131 Recep Tayyip Erdo\u011fan imzal\u0131 genelgede, toplumlar\u0131n istikrarl\u0131 \u015fekilde varl\u0131klar\u0131n\u0131 s\u00fcrd\u00fcrebilmesinde g\u00fc\u00e7l\u00fc aile ve n\u00fcfus yap\u0131s\u0131n\u0131n hayati rol oynad\u0131\u011f\u0131 belirtildi.<\/p>\n<p>T\u00fcrkiye&#x27;de ailenin, toplumun temeli olarak kabul edildi\u011fi ve bu hususun T\u00fcrkiye Cumhuriyeti Anayasas\u0131&#x27;n\u0131n 41&#x27;inci maddesiyle teminat alt\u0131na al\u0131nd\u0131\u011f\u0131na i\u015faret edilen genelgede, T\u00fcrkiye&#x27;nin taraf oldu\u011fu uluslararas\u0131 s\u00f6zle\u015fmelerde aileyi &quot;toplumun do\u011fal ve temel birimi&quot; olarak tan\u0131mlad\u0131\u011f\u0131 ve devlete ailenin korunmas\u0131na ili\u015fkin g\u00f6rev y\u00fckledi\u011fi vurguland\u0131.<\/p>\n<p>Genelgede, k\u00fcresel \u00f6l\u00e7ekte uzun y\u0131llar n\u00fcfus art\u0131\u015f\u0131n\u0131n kalk\u0131nman\u0131n \u00f6n\u00fcnde engel g\u00f6r\u00fclerek do\u011furganl\u0131\u011f\u0131 azalt\u0131c\u0131 politikalar uyguland\u0131\u011f\u0131 an\u0131msat\u0131larak \u015funlar ifade edildi:<\/p>\n<p>&quot;\u00d6te yandan, cinsiyetsizle\u015ftirme ba\u015fta olmak \u00fczere zararl\u0131 ak\u0131mlar insan haklar\u0131 ve bireysel \u00f6zg\u00fcrl\u00fckler s\u00f6ylemini ara\u00e7salla\u015ft\u0131rarak aile kurumunu, nesilleri, milli ve manevi de\u011ferleri tehdit etmeye ba\u015flam\u0131\u015ft\u0131r. G\u00fcn\u00fcm\u00fczde demografik yap\u0131m\u0131zda medeni durum, hane b\u00fcy\u00fckl\u00fc\u011f\u00fc, ya\u015f profili ve mekansal da\u011f\u0131l\u0131m boyutlar\u0131yla belirgin bir d\u00f6n\u00fc\u015f\u00fcm ya\u015fanmaktad\u0131r. Do\u011furganl\u0131k h\u0131z\u0131m\u0131z Cumhuriyet tarihimizin \u00f6l\u00e7\u00fclen en d\u00fc\u015f\u00fck seviyesine gerilemi\u015f, aile ve n\u00fcfus yap\u0131s\u0131ndaki menfi de\u011fi\u015fimler varolu\u015fsal bir&#8230;<\/p>\n","protected":false},"excerpt":{"rendered":"<p>Aile ve N\u00fcfus On Y\u0131l\u0131 (2026-2035) konulu Cumhurba\u015fkanl\u0131\u011f\u0131 Genelgesi, Resmi Gazete&#8217;de yay\u0131mland\u0131.<\/p>\n","protected":false},"author":2,"featured_media":31560,"comment_status":"open","ping_status":"open","sticky":false,"template":"","format":"standard","meta":{"footnotes":""},"categories":[6,5],"tags":[],"class_list":["post-31561","post","type-post","status-publish","format-standard","has-post-thumbnail","hentry","category-gundem","category-son-dakika"],"_links":{"self":[{"href":"https:\/\/eskigazeteci.com\/index.php?rest_route=\/wp\/v2\/posts\/31561","targetHints":{"allow":["GET"]}}],"collection":[{"href":"https:\/\/eskigazeteci.com\/index.php?rest_route=\/wp\/v2\/posts"}],"about":[{"href":"https:\/\/eskigazeteci.com\/index.php?rest_route=\/wp\/v2\/types\/post"}],"author":[{"embeddable":true,"href":"https:\/\/eskigazeteci.com\/index.php?rest_route=\/wp\/v2\/users\/2"}],"replies":[{"embeddable":true,"href":"https:\/\/eskigazeteci.com\/index.php?rest_route=%2Fwp%2Fv2%2Fcomments&post=31561"}],"version-history":[{"count":0,"href":"https:\/\/eskigazeteci.com\/index.php?rest_route=\/wp\/v2\/posts\/31561\/revisions"}],"wp:featuredmedia":[{"embeddable":true,"href":"https:\/\/eskigazeteci.com\/index.php?rest_route=\/wp\/v2\/media\/31560"}],"wp:attachment":[{"href":"https:\/\/eskigazeteci.com\/index.php?rest_route=%2Fwp%2Fv2%2Fmedia&parent=31561"}],"wp:term":[{"taxonomy":"category","embeddable":true,"href":"https:\/\/eskigazeteci.com\/index.php?rest_route=%2Fwp%2Fv2%2Fcategories&post=31561"},{"taxonomy":"post_tag","embeddable":true,"href":"https:\/\/eskigazeteci.com\/index.php?rest_route=%2Fwp%2Fv2%2Ftags&post=31561"}],"curies":[{"name":"wp","href":"https:\/\/api.w.org\/{rel}","templated":true}]}}