{"id":31557,"date":"2026-05-02T04:11:28","date_gmt":"2026-05-02T04:11:28","guid":{"rendered":"https:\/\/eskigazeteci.com\/?p=31557"},"modified":"2026-05-02T04:11:28","modified_gmt":"2026-05-02T04:11:28","slug":"1-mayis-manzaralari","status":"publish","type":"post","link":"https:\/\/eskigazeteci.com\/?p=31557","title":{"rendered":"1 May\u0131s manzaralar\u0131"},"content":{"rendered":"<p>\u0130STANBUL\u2019 da, 1 May\u0131s Emek ve Dayan\u0131\u015fma G\u00fcn\u00fc, bu y\u0131l Kad\u0131k\u00f6y R\u0131ht\u0131m Meydan\u0131 ve Kartal Meydan\u0131\u2019nda kutland\u0131. 1 May\u0131s\u2019\u0131n simgesi haline gelen ve valilik taraf\u0131ndan g\u00f6steri yap\u0131lmas\u0131 yasaklanan Taksim Meydan\u0131 ba\u015fta olmak \u00fczere buraya \u00e7\u0131kan yollar ile Beyo\u011flu, \u015ei\u015fli, Be\u015fikta\u015f ile mitinglerin yap\u0131ld\u0131\u011f\u0131 Kad\u0131k\u00f6y ve Kartal\u2019da geni\u015f g\u00fcvenlik \u00f6nlemleri al\u0131nd\u0131. Baz\u0131 yollar ara\u00e7 ve yaya trafi\u011fine kapat\u0131ld\u0131. Sabah erken saatlerde i\u015flerine gitmek i\u00e7in yola \u00e7\u0131kan vatanda\u015flar trafi\u011fe kapat\u0131lan alanlarda yaya olarak devam etti. Turistler ise ellerinde valizleriyle gitmek istedikleri yerlere y\u00fcr\u00fcyerek ula\u015fmaya \u00e7al\u0131\u015ft\u0131.<\/p>\n<p>\u0130STANBUL, 35 B\u0130N KAMERAYLA \u0130ZLEND\u0130<\/p>\n<p>\u0130stanbul Emniyet M\u00fcd\u00fcrl\u00fc\u011f\u00fc\u2019nce al\u0131nan \u00f6nlemler kent genelinde 35 bin kamerayla takip edildi.<\/p>\n<p>Saat 08.00\u2019dan itibaren s\u0131ras\u0131yla D\u0130SK, HAK-\u0130\u015e, H\u00fcr \u0130\u015f Konfederasyonu, T\u00dcRK-\u0130\u015e, Birle\u015fik Kamu-\u0130\u015f Konfederasyonu, Devlet Memurlar\u0131 Konfederasyonu, HAK-SEN, SAH\u0130M-SEN, Ba\u011f\u0131ms\u0131z Kamu Sendikalar\u0131 ve Nakliyat \u0130\u015f Sendikas\u0131 Taksim Cumhuriyet An\u0131t\u0131\u2019na \u00e7elenk b\u0131rak\u0131p, a\u00e7\u0131klama yapt\u0131. Sendikalar, 1977\u2019deki 1 May\u0131s kutlamalar\u0131nda hayat\u0131n\u0131 kaybedenlerin an\u0131s\u0131na Taksim\u2019de bulunan Kazanc\u0131 Yoku\u015fu\u2019na da karanfil b\u0131rakt\u0131lar.<\/p>\n<p>SEND\u0130KALAR KADIK\u00d6Y\u2019DE<\/p>\n<p>1 May\u0131s Emek ve&#8230;<\/p>\n","protected":false},"excerpt":{"rendered":"<p>T\u00fcrkiye 1 May\u0131s Emek ve Dayan\u0131\u015fma G\u00fcn\u00fc\u2019n\u00fc meydanlarda kutlarken baz\u0131 yerlerde halayl\u0131 co\u015fku, baz\u0131 yerlerde eylem ve g\u00f6zalt\u0131 vard\u0131. \u0130stanbul\u2019da resmi&#8230;<\/p>\n","protected":false},"author":2,"featured_media":31556,"comment_status":"open","ping_status":"open","sticky":false,"template":"","format":"standard","meta":{"footnotes":""},"categories":[6,5],"tags":[],"class_list":["post-31557","post","type-post","status-publish","format-standard","has-post-thumbnail","hentry","category-gundem","category-son-dakika"],"_links":{"self":[{"href":"https:\/\/eskigazeteci.com\/index.php?rest_route=\/wp\/v2\/posts\/31557","targetHints":{"allow":["GET"]}}],"collection":[{"href":"https:\/\/eskigazeteci.com\/index.php?rest_route=\/wp\/v2\/posts"}],"about":[{"href":"https:\/\/eskigazeteci.com\/index.php?rest_route=\/wp\/v2\/types\/post"}],"author":[{"embeddable":true,"href":"https:\/\/eskigazeteci.com\/index.php?rest_route=\/wp\/v2\/users\/2"}],"replies":[{"embeddable":true,"href":"https:\/\/eskigazeteci.com\/index.php?rest_route=%2Fwp%2Fv2%2Fcomments&post=31557"}],"version-history":[{"count":0,"href":"https:\/\/eskigazeteci.com\/index.php?rest_route=\/wp\/v2\/posts\/31557\/revisions"}],"wp:featuredmedia":[{"embeddable":true,"href":"https:\/\/eskigazeteci.com\/index.php?rest_route=\/wp\/v2\/media\/31556"}],"wp:attachment":[{"href":"https:\/\/eskigazeteci.com\/index.php?rest_route=%2Fwp%2Fv2%2Fmedia&parent=31557"}],"wp:term":[{"taxonomy":"category","embeddable":true,"href":"https:\/\/eskigazeteci.com\/index.php?rest_route=%2Fwp%2Fv2%2Fcategories&post=31557"},{"taxonomy":"post_tag","embeddable":true,"href":"https:\/\/eskigazeteci.com\/index.php?rest_route=%2Fwp%2Fv2%2Ftags&post=31557"}],"curies":[{"name":"wp","href":"https:\/\/api.w.org\/{rel}","templated":true}]}}