{"id":31555,"date":"2026-05-02T04:09:54","date_gmt":"2026-05-02T04:09:54","guid":{"rendered":"https:\/\/eskigazeteci.com\/?p=31555"},"modified":"2026-05-02T04:09:54","modified_gmt":"2026-05-02T04:09:54","slug":"gullac-kavgasi-adliyeye-tasindi","status":"publish","type":"post","link":"https:\/\/eskigazeteci.com\/?p=31555","title":{"rendered":"G\u00fclla\u00e7 kavgas\u0131 adliyeye ta\u015f\u0131nd\u0131"},"content":{"rendered":"<p>\u0130stanbul \u2019da, iddiaya g\u00f6re, 2 \u00e7ocuk annesi M.K., 19 \u015eubat\u2019ta gece yar\u0131s\u0131 saat 01.00 s\u0131ralar\u0131nda po\u011fa\u00e7a yapmak i\u00e7in mutfa\u011fa gitti. M.K., po\u011fa\u00e7alar\u0131 f\u0131r\u0131na att\u0131\u011f\u0131 s\u0131rada e\u015fi \u00dc.K. de mutfa\u011fa geldi. E\u015finin po\u011fa\u00e7a yapt\u0131\u011f\u0131n\u0131 g\u00f6ren \u00dc.K., po\u011fa\u00e7alar\u0131n \u00e7ok g\u00fczel g\u00f6r\u00fcnd\u00fc\u011f\u00fcn\u00fc s\u00f6yledi. M.K. adl\u0131 kad\u0131n da tezg\u00e2h\u0131n \u00fczerinde duran borcam\u0131n i\u00e7indeki g\u00fclla\u00e7lar\u0131n kurumu\u015f oldu\u011funu g\u00f6r\u00fcnce \u00e7\u00f6pe atmak istedi. Bunu g\u00f6ren \u00dc.K. adl\u0131 koca, \u201cOnlar\u0131 yeriz, \u00e7\u00f6pe atma, borcam\u0131n i\u00e7ine biraz s\u00fct d\u00f6k yumu\u015fas\u0131n\u201d dedi. E\u015finin s\u00f6z\u00fc \u00fczerine M.K. adl\u0131 kad\u0131n, g\u00fcllac\u0131n \u00fczerine s\u00fct d\u00f6kt\u00fc ve kuruyan taraflar\u0131n\u0131 \u0131slatt\u0131. E\u015fine de \u201cOldu mu \u015fimdi?\u2019 dedi. \u0130ddiaya g\u00f6re, bir anda ba\u011f\u0131ran \u00dc.K. adl\u0131 koca, \u201cBen sana \u015fey s\u00f6yl\u00fcyorum, sen nas\u0131l yap\u0131yorsun, benim dedi\u011fim gibi yapm\u0131yorsun\u201d diye konu\u015farak borcamdaki g\u00fcllac\u0131 yere f\u0131rlatt\u0131. Borcam k\u0131r\u0131ld\u0131 ve i\u00e7indeki g\u00fclla\u00e7lar etrafa da\u011f\u0131ld\u0131.<\/p>\n<p>\u2018KIZIM HER \u015eEYE \u015eAH\u0130TT\u0130R\u2019<\/p>\n<p>E\u015finin arkas\u0131ndan giden M.K. adl\u0131 kad\u0131n, \u201cNeden b\u00f6yle yap\u0131yorsun, ne oldu da bu \u015fekilde davran\u0131yorsun?\u201d dedi. \u0130ddiaya g\u00f6re, a\u011f\u0131r hakaretlerde bulunan \u00dc.K. isimli koca, e\u015fi M.K.\u2019nin kollar\u0131n\u0131 eliyle s\u0131karak h\u0131rpalamaya ba\u015flad\u0131. Evdeki tart\u0131\u015fma seslerini duyan \u00e7iftin \u00e7ocu\u011fu, araya girerek kavgay\u0131 ay\u0131rmaya \u00e7al\u0131\u015ft\u0131. M.K. adl\u0131&#8230;<\/p>\n","protected":false},"excerpt":{"rendered":"<p>M.K. adl\u0131 kad\u0131n, yapt\u0131\u011f\u0131 g\u00fclla\u00e7 kuru oldu\u011fu i\u00e7in kendisine ba\u011f\u0131ran, ard\u0131ndan a\u011f\u0131r hakaretler ederek \u015fiddet uygulayan e\u015fi \u00dc.K. hakk\u0131nda savc\u0131l\u0131\u011fa su\u00e7&#8230;<\/p>\n","protected":false},"author":2,"featured_media":31554,"comment_status":"open","ping_status":"open","sticky":false,"template":"","format":"standard","meta":{"footnotes":""},"categories":[6,5],"tags":[],"class_list":["post-31555","post","type-post","status-publish","format-standard","has-post-thumbnail","hentry","category-gundem","category-son-dakika"],"_links":{"self":[{"href":"https:\/\/eskigazeteci.com\/index.php?rest_route=\/wp\/v2\/posts\/31555","targetHints":{"allow":["GET"]}}],"collection":[{"href":"https:\/\/eskigazeteci.com\/index.php?rest_route=\/wp\/v2\/posts"}],"about":[{"href":"https:\/\/eskigazeteci.com\/index.php?rest_route=\/wp\/v2\/types\/post"}],"author":[{"embeddable":true,"href":"https:\/\/eskigazeteci.com\/index.php?rest_route=\/wp\/v2\/users\/2"}],"replies":[{"embeddable":true,"href":"https:\/\/eskigazeteci.com\/index.php?rest_route=%2Fwp%2Fv2%2Fcomments&post=31555"}],"version-history":[{"count":0,"href":"https:\/\/eskigazeteci.com\/index.php?rest_route=\/wp\/v2\/posts\/31555\/revisions"}],"wp:featuredmedia":[{"embeddable":true,"href":"https:\/\/eskigazeteci.com\/index.php?rest_route=\/wp\/v2\/media\/31554"}],"wp:attachment":[{"href":"https:\/\/eskigazeteci.com\/index.php?rest_route=%2Fwp%2Fv2%2Fmedia&parent=31555"}],"wp:term":[{"taxonomy":"category","embeddable":true,"href":"https:\/\/eskigazeteci.com\/index.php?rest_route=%2Fwp%2Fv2%2Fcategories&post=31555"},{"taxonomy":"post_tag","embeddable":true,"href":"https:\/\/eskigazeteci.com\/index.php?rest_route=%2Fwp%2Fv2%2Ftags&post=31555"}],"curies":[{"name":"wp","href":"https:\/\/api.w.org\/{rel}","templated":true}]}}