{"id":31553,"date":"2026-05-02T04:08:19","date_gmt":"2026-05-02T04:08:19","guid":{"rendered":"https:\/\/eskigazeteci.com\/?p=31553"},"modified":"2026-05-02T04:08:19","modified_gmt":"2026-05-02T04:08:19","slug":"meslek-liselerine-yurtdisi-staji","status":"publish","type":"post","link":"https:\/\/eskigazeteci.com\/?p=31553","title":{"rendered":"Meslek liselerine yurtd\u0131\u015f\u0131 staj\u0131"},"content":{"rendered":"<p>T\u00dcRK\u0130YE Y\u00fczy\u0131l\u0131 Maarif Modeli kapsam\u0131nda d\u00fczenlenen \u2018E\u011fitimde Avrupa Birli\u011fi Projeleri\u2019 \u00c7al\u0131\u015ftay\u0131, \u0130stanbul \u0130l Mill\u0130 E\u011fitim M\u00fcd\u00fcrl\u00fc\u011f\u00fc koordinasyonunda, \u0130stanbul genelinde okullar taraf\u0131ndan y\u00fcr\u00fct\u00fclen Erasmus+ Program s\u00fcrecinin etkilerini ortaya koymak ve geli\u015ftirmek amac\u0131yla ger\u00e7ekle\u015ftirildi. E\u011fitimde uluslararas\u0131la\u015fmay\u0131 destekleyen program, kurumlar\u0131n proje k\u00fclt\u00fcr\u00fcn\u00fc g\u00fc\u00e7lendirmeyi ve yenilik\u00e7i uygulamalar\u0131 te\u015fvik etmeyi hedefliyor. \u00c7ok say\u0131da \u00f6\u011frenci ve \u00f6\u011fretmenin kat\u0131ld\u0131\u011f\u0131 \u00e7al\u0131\u015ftayda, e\u011fitim \u00f6\u011fretim s\u00fcre\u00e7lerinin farkl\u0131 alanlara ve k\u00fclt\u00fcre yay\u0131lmas\u0131 gerekti\u011fini dile getiren \u0130stanbul \u0130l Milli E\u011fitim M\u00fcd\u00fcr\u00fc Murat M\u00fccahit Yent\u00fcr, \u201cDevletin en \u00f6nemli g\u00f6revlerinden biri, e\u011fitimde f\u0131rsat e\u015fitli\u011fini yaymak\u201d dedi.<\/p>\n<p>20 \u00dcLKEYLE \u00c7ALI\u015eILDI<\/p>\n<p>\u0130stanbul \u0130l Milli E\u011fitim M\u00fcd\u00fcr\u00fc Mesleki E\u011fitim Koordinat\u00f6r\u00fc Kamil Melih Akay, mesleki e\u011fitimde Avrupa Birli\u011fi projelerinin e\u011fitim \u00f6\u011fretim s\u00fcrecinin \u00f6nemli bir par\u00e7as\u0131 haline geldi\u011fini belirtirken, Avrupa Birli\u011fi Proje Koordinat\u00f6r\u00fc Jale Uluta\u015f da \u015fimdiye kadar 28 \u00fclkeden 20\u2019si ile Erasmus kapsam\u0131nda \u00e7al\u0131\u015fmalar\u0131n ger\u00e7ekle\u015fti\u011fine dikkat \u00e7ekti.<\/p>\n<p>\u2018B\u0130Z\u0130M \u0130\u00c7\u0130N \u00d6NEML\u0130 B\u0130R FIRSAT\u2019<\/p>\n<p>\u00c7al\u0131\u015ftaya kat\u0131lan Demir\u00f6ren Medya ve Teknoloji Mesleki ve Teknik Anadolu Lisesi&#8230;<\/p>\n","protected":false},"excerpt":{"rendered":"<p>\u0130stanbul \u0130l Milli E\u011fitim M\u00fcd\u00fcrl\u00fc\u011f\u00fc taraf\u0131ndan \u2018E\u011fitimde Avrupa Birli\u011fi Projeleri\u2019 \u00c7al\u0131\u015ftay\u0131 d\u00fczenlendi. \u00c7al\u0131\u015ftayda, \u00f6zellikle meslek lisesi \u00f6\u011frencilerinin&#8230;<\/p>\n","protected":false},"author":2,"featured_media":31552,"comment_status":"open","ping_status":"open","sticky":false,"template":"","format":"standard","meta":{"footnotes":""},"categories":[6,5],"tags":[],"class_list":["post-31553","post","type-post","status-publish","format-standard","has-post-thumbnail","hentry","category-gundem","category-son-dakika"],"_links":{"self":[{"href":"https:\/\/eskigazeteci.com\/index.php?rest_route=\/wp\/v2\/posts\/31553","targetHints":{"allow":["GET"]}}],"collection":[{"href":"https:\/\/eskigazeteci.com\/index.php?rest_route=\/wp\/v2\/posts"}],"about":[{"href":"https:\/\/eskigazeteci.com\/index.php?rest_route=\/wp\/v2\/types\/post"}],"author":[{"embeddable":true,"href":"https:\/\/eskigazeteci.com\/index.php?rest_route=\/wp\/v2\/users\/2"}],"replies":[{"embeddable":true,"href":"https:\/\/eskigazeteci.com\/index.php?rest_route=%2Fwp%2Fv2%2Fcomments&post=31553"}],"version-history":[{"count":0,"href":"https:\/\/eskigazeteci.com\/index.php?rest_route=\/wp\/v2\/posts\/31553\/revisions"}],"wp:featuredmedia":[{"embeddable":true,"href":"https:\/\/eskigazeteci.com\/index.php?rest_route=\/wp\/v2\/media\/31552"}],"wp:attachment":[{"href":"https:\/\/eskigazeteci.com\/index.php?rest_route=%2Fwp%2Fv2%2Fmedia&parent=31553"}],"wp:term":[{"taxonomy":"category","embeddable":true,"href":"https:\/\/eskigazeteci.com\/index.php?rest_route=%2Fwp%2Fv2%2Fcategories&post=31553"},{"taxonomy":"post_tag","embeddable":true,"href":"https:\/\/eskigazeteci.com\/index.php?rest_route=%2Fwp%2Fv2%2Ftags&post=31553"}],"curies":[{"name":"wp","href":"https:\/\/api.w.org\/{rel}","templated":true}]}}