{"id":31551,"date":"2026-05-02T04:06:47","date_gmt":"2026-05-02T04:06:47","guid":{"rendered":"https:\/\/eskigazeteci.com\/?p=31551"},"modified":"2026-05-02T04:06:47","modified_gmt":"2026-05-02T04:06:47","slug":"erdogandan-iscilere-kutlama","status":"publish","type":"post","link":"https:\/\/eskigazeteci.com\/?p=31551","title":{"rendered":"Erdo\u011fan&#8217;dan i\u015f\u00e7ilere kutlama"},"content":{"rendered":"<p>Erdo\u011fan taraf\u0131ndan d\u00fczenlenen eventi, hizmetlere kar\u015f\u0131 bir kutlamaya d\u00f6n\u00fc\u015ft\u00fcr\u00fcld\u00fc. Bu t\u00fcr gelenliklerde, h\u00fck\u00fcmet g\u00fc\u00e7lerinin i\u015f\u00e7ilere sayg\u0131 g\u00f6sterme \u00e7abas\u0131n\u0131 desteklemek anlam\u0131na gelir.<\/p>\n","protected":false},"excerpt":{"rendered":"<p>Cumhurbaskan\u0131 Tayyip Erdo\u011fan, 1 May\u0131s Emek ve Dayan\u0131\u015fma G\u00fcn\u00fc&#8217;nu tebrik etti.<\/p>\n","protected":false},"author":2,"featured_media":31550,"comment_status":"open","ping_status":"open","sticky":false,"template":"","format":"standard","meta":{"footnotes":""},"categories":[6,5],"tags":[],"class_list":["post-31551","post","type-post","status-publish","format-standard","has-post-thumbnail","hentry","category-gundem","category-son-dakika"],"_links":{"self":[{"href":"https:\/\/eskigazeteci.com\/index.php?rest_route=\/wp\/v2\/posts\/31551","targetHints":{"allow":["GET"]}}],"collection":[{"href":"https:\/\/eskigazeteci.com\/index.php?rest_route=\/wp\/v2\/posts"}],"about":[{"href":"https:\/\/eskigazeteci.com\/index.php?rest_route=\/wp\/v2\/types\/post"}],"author":[{"embeddable":true,"href":"https:\/\/eskigazeteci.com\/index.php?rest_route=\/wp\/v2\/users\/2"}],"replies":[{"embeddable":true,"href":"https:\/\/eskigazeteci.com\/index.php?rest_route=%2Fwp%2Fv2%2Fcomments&post=31551"}],"version-history":[{"count":0,"href":"https:\/\/eskigazeteci.com\/index.php?rest_route=\/wp\/v2\/posts\/31551\/revisions"}],"wp:featuredmedia":[{"embeddable":true,"href":"https:\/\/eskigazeteci.com\/index.php?rest_route=\/wp\/v2\/media\/31550"}],"wp:attachment":[{"href":"https:\/\/eskigazeteci.com\/index.php?rest_route=%2Fwp%2Fv2%2Fmedia&parent=31551"}],"wp:term":[{"taxonomy":"category","embeddable":true,"href":"https:\/\/eskigazeteci.com\/index.php?rest_route=%2Fwp%2Fv2%2Fcategories&post=31551"},{"taxonomy":"post_tag","embeddable":true,"href":"https:\/\/eskigazeteci.com\/index.php?rest_route=%2Fwp%2Fv2%2Ftags&post=31551"}],"curies":[{"name":"wp","href":"https:\/\/api.w.org\/{rel}","templated":true}]}}