{"id":31549,"date":"2026-05-01T23:17:00","date_gmt":"2026-05-01T23:17:00","guid":{"rendered":"https:\/\/eskigazeteci.com\/?p=31549"},"modified":"2026-05-01T23:17:00","modified_gmt":"2026-05-01T23:17:00","slug":"baskanlik-1-mayis-aciklamasi","status":"publish","type":"post","link":"https:\/\/eskigazeteci.com\/?p=31549","title":{"rendered":"Ba\u015fkanl\u0131k: &#8216;1 May\u0131s&#8217; A\u00e7\u0131klamas\u0131"},"content":{"rendered":"<p>Gazeteciler, 1 May\u0131s Emek ve Dayan\u0131\u015fma G\u00fcn\u00fc&#x27;nde \u0130stanbul&#x27;da kanuna ayk\u0131r\u0131 eylem giri\u015fiminde bulunan 575 ki\u015fi hakk\u0131nda gerekli i\u015flemlerin y\u00fcr\u00fct\u00fclmesi bekleniyor.<\/p>\n","protected":false},"excerpt":{"rendered":"<p>Bakanl\u0131ktan bir haberin i\u00e7eri\u011fini ve ba\u015fl\u0131klar\u0131n\u0131 belirleyen metinlerin belirli bir \u015fekilde yeniden yaz\u0131lm\u0131\u015ft\u0131r.<\/p>\n","protected":false},"author":2,"featured_media":31548,"comment_status":"open","ping_status":"open","sticky":false,"template":"","format":"standard","meta":{"footnotes":""},"categories":[6,5],"tags":[],"class_list":["post-31549","post","type-post","status-publish","format-standard","has-post-thumbnail","hentry","category-gundem","category-son-dakika"],"_links":{"self":[{"href":"https:\/\/eskigazeteci.com\/index.php?rest_route=\/wp\/v2\/posts\/31549","targetHints":{"allow":["GET"]}}],"collection":[{"href":"https:\/\/eskigazeteci.com\/index.php?rest_route=\/wp\/v2\/posts"}],"about":[{"href":"https:\/\/eskigazeteci.com\/index.php?rest_route=\/wp\/v2\/types\/post"}],"author":[{"embeddable":true,"href":"https:\/\/eskigazeteci.com\/index.php?rest_route=\/wp\/v2\/users\/2"}],"replies":[{"embeddable":true,"href":"https:\/\/eskigazeteci.com\/index.php?rest_route=%2Fwp%2Fv2%2Fcomments&post=31549"}],"version-history":[{"count":0,"href":"https:\/\/eskigazeteci.com\/index.php?rest_route=\/wp\/v2\/posts\/31549\/revisions"}],"wp:featuredmedia":[{"embeddable":true,"href":"https:\/\/eskigazeteci.com\/index.php?rest_route=\/wp\/v2\/media\/31548"}],"wp:attachment":[{"href":"https:\/\/eskigazeteci.com\/index.php?rest_route=%2Fwp%2Fv2%2Fmedia&parent=31549"}],"wp:term":[{"taxonomy":"category","embeddable":true,"href":"https:\/\/eskigazeteci.com\/index.php?rest_route=%2Fwp%2Fv2%2Fcategories&post=31549"},{"taxonomy":"post_tag","embeddable":true,"href":"https:\/\/eskigazeteci.com\/index.php?rest_route=%2Fwp%2Fv2%2Ftags&post=31549"}],"curies":[{"name":"wp","href":"https:\/\/api.w.org\/{rel}","templated":true}]}}