{"id":31547,"date":"2026-05-01T23:07:26","date_gmt":"2026-05-01T23:07:26","guid":{"rendered":"https:\/\/eskigazeteci.com\/?p=31547"},"modified":"2026-05-01T23:07:26","modified_gmt":"2026-05-01T23:07:26","slug":"aile-ve-nufus-on-yili-genelgesi-resmi-gazetede","status":"publish","type":"post","link":"https:\/\/eskigazeteci.com\/?p=31547","title":{"rendered":"Aile ve N\u00fcfus On Y\u0131l\u0131 Genelgesi Resmi Gazete&#8217;de"},"content":{"rendered":"<p>Aile ve N\u00fcfus On Y\u0131l\u0131 Genelgesi Resmi Gazete &#x27;de yay\u0131mlanarak y\u00fcr\u00fcrl\u00fc\u011fe girdi.<\/p>\n<p>Aile ve Sosyal Hizmetler Bakan\u0131 Mahinur \u00d6zdemir G\u00f6kta\u015f , genelgeyle alakal\u0131 sanal medya hesab\u0131ndan yapt\u0131\u011f\u0131 payla\u015f\u0131mda, &quot;Aile ve N\u00fcfus On Y\u0131l\u0131 Genelgemiz, Cumhurba\u015fkan\u0131m\u0131z Recep Tayyip Erdo\u011fan \u2019\u0131n imzas\u0131yla Resm\u00ee Gazete\u2019de yay\u0131mlanarak y\u00fcr\u00fcrl\u00fc\u011fe girdi. Aile yap\u0131m\u0131z\u0131 koruyan, gen\u00e7lerimizi destekleyen ve n\u00fcfus politikalar\u0131m\u0131z\u0131 uzun vadeli bir vizyonla ele alan g\u00fc\u00e7l\u00fc bir yol haritas\u0131 ortaya koyuyoruz. G\u00fc\u00e7l\u00fc aile, g\u00fc\u00e7l\u00fc toplum hedefimize y\u00f6n veren bu \u00f6nemli ad\u0131m i\u00e7in Say\u0131n Cumhurba\u015fkan\u0131m\u0131za milletimiz ad\u0131na \u015f\u00fckranlar\u0131m\u0131 sunuyorum. Aile ve N\u00fcfus On Y\u0131l\u0131\u2019nda, b\u00fcy\u00fck T\u00fcrkiye ailemizin her bir ferdinin yan\u0131nda olmaya kararl\u0131l\u0131kla devam edece\u011fiz. Hay\u0131rl\u0131, u\u011furlu olsun&quot; ifadelerini kulland\u0131.<\/p>\n<p>T\u00fcrkiye g\u00fcndeminden son dakika haberleri, bug\u00fcn ya\u015fanan en son geli\u015fmeler, siyaset g\u00fcndeminden g\u00fcncel haberler ve b\u00fct\u00fcn son dakika haberleri i\u00e7in H\u00fcrriyet&#x27;in internet haber sitesi hurriyet.com.tr; Hurriyet.com.tr haber i\u00e7erikleri kaynak g\u00f6sterilmeden al\u0131nt\u0131 yap\u0131lamaz, Kanuna ayk\u0131r\u0131 ve izinsiz olarak kopyalanamaz, ba\u015fka yerde yay\u0131nlanamaz.<\/p>\n","protected":false},"excerpt":{"rendered":"<p>Aile ve N\u00fcfus On Y\u0131l\u0131 Genelgesi, Cumhurba\u015fkan\u0131 Recep Tayyip Erdo\u011fan&#8217;\u0131n imzas\u0131yla Resmi Gazete&#8217;de yay\u0131mlanarak y\u00fcr\u00fcrl\u00fc\u011fe girdi.<\/p>\n","protected":false},"author":2,"featured_media":31546,"comment_status":"open","ping_status":"open","sticky":false,"template":"","format":"standard","meta":{"footnotes":""},"categories":[6,5],"tags":[],"class_list":["post-31547","post","type-post","status-publish","format-standard","has-post-thumbnail","hentry","category-gundem","category-son-dakika"],"_links":{"self":[{"href":"https:\/\/eskigazeteci.com\/index.php?rest_route=\/wp\/v2\/posts\/31547","targetHints":{"allow":["GET"]}}],"collection":[{"href":"https:\/\/eskigazeteci.com\/index.php?rest_route=\/wp\/v2\/posts"}],"about":[{"href":"https:\/\/eskigazeteci.com\/index.php?rest_route=\/wp\/v2\/types\/post"}],"author":[{"embeddable":true,"href":"https:\/\/eskigazeteci.com\/index.php?rest_route=\/wp\/v2\/users\/2"}],"replies":[{"embeddable":true,"href":"https:\/\/eskigazeteci.com\/index.php?rest_route=%2Fwp%2Fv2%2Fcomments&post=31547"}],"version-history":[{"count":0,"href":"https:\/\/eskigazeteci.com\/index.php?rest_route=\/wp\/v2\/posts\/31547\/revisions"}],"wp:featuredmedia":[{"embeddable":true,"href":"https:\/\/eskigazeteci.com\/index.php?rest_route=\/wp\/v2\/media\/31546"}],"wp:attachment":[{"href":"https:\/\/eskigazeteci.com\/index.php?rest_route=%2Fwp%2Fv2%2Fmedia&parent=31547"}],"wp:term":[{"taxonomy":"category","embeddable":true,"href":"https:\/\/eskigazeteci.com\/index.php?rest_route=%2Fwp%2Fv2%2Fcategories&post=31547"},{"taxonomy":"post_tag","embeddable":true,"href":"https:\/\/eskigazeteci.com\/index.php?rest_route=%2Fwp%2Fv2%2Ftags&post=31547"}],"curies":[{"name":"wp","href":"https:\/\/api.w.org\/{rel}","templated":true}]}}