{"id":31543,"date":"2026-05-01T22:27:25","date_gmt":"2026-05-01T22:27:25","guid":{"rendered":"https:\/\/eskigazeteci.com\/?p=31543"},"modified":"2026-05-01T22:27:25","modified_gmt":"2026-05-01T22:27:25","slug":"kuresel-sumud-filosu-aktivistleri-yasadiklarini-anlatti-bize-hayvanmisiz-gibi-davrandilar","status":"publish","type":"post","link":"https:\/\/eskigazeteci.com\/?p=31543","title":{"rendered":"K\u00fcresel Sumud Filosu aktivistleri ya\u015fad\u0131klar\u0131n\u0131 anlatt\u0131: Bize hayvanm\u0131\u015f\u0131z gibi davrand\u0131lar"},"content":{"rendered":"<p>\u0130srail taraf\u0131ndan al\u0131konulduklar\u0131 anlara ili\u015fkin, &quot;Her yer dikenli tellerle \u00e7evriliydi, etraf\u0131m\u0131zda silahl\u0131 ki\u015filer vard\u0131 ve bize hayvanm\u0131\u015f\u0131z gibi davrand\u0131lar.&quot; dedi.<\/p>\n<p>\u0130ngiliz Davidson, \u0130srail&#x27;in uluslararas\u0131 sularda filoya y\u00f6nelik sald\u0131r\u0131s\u0131 sonras\u0131 ya\u015fad\u0131klar\u0131n\u0131 AA muhabirine anlatt\u0131. K\u00fc\u00e7\u00fck bir tekneyle ilerledikleri s\u0131rada insans\u0131z hava ara\u00e7lar\u0131 ve yo\u011fun \u0131\u015f\u0131klarla takip edildiklerini belirten Davidson, \u0130srail ordusuna ait b\u00fcy\u00fck bir sava\u015f gemisinin tekneye yakla\u015ft\u0131\u011f\u0131n\u0131 s\u00f6yledi.<\/p>\n<p>\u201cYASA DI\u015eI H\u0130\u00c7B\u0130R \u015eEY YAPMIYORDUK\u201d<\/p>\n<p>Davidson, &quot;Bize teknenin \u00f6n k\u0131sm\u0131na ge\u00e7memizi s\u00f6ylediler. Biz bar\u0131\u015f\u00e7\u0131l \u015fekilde oturduk ancak \u0131srar ettiler. Sonunda, &#x27;\u00d6ne ge\u00e7mezseniz ate\u015f ederiz&#x27; diye tehdit ettiler. Halbuki uluslararas\u0131 sulardayd\u0131k ve yasa d\u0131\u015f\u0131 hi\u00e7bir \u015fey yapm\u0131yorduk.&quot; dedi.<\/p>\n<p>Askerlerce al\u0131konulduktan sonra &quot;y\u00fczen hapishane&quot; olarak nitelendirdi\u011fi bir ortama g\u00f6t\u00fcr\u00fcld\u00fcklerini anlatan Davidson, buradan da botlarla al\u0131narak konteynerlerden olu\u015fturulan ge\u00e7ici bir alanda tutulduklar\u0131n\u0131 dile getirdi.<\/p>\n<p>\u201cETRAFIMIZDA S\u0130LAHLI K\u0130\u015e\u0130LER VARDI\u201d<\/p>\n<p>Davidson, &quot;Her yer dikenli tellerle \u00e7evriliydi, etraf\u0131m\u0131zda silahl\u0131 ki\u015filer vard\u0131 ve bize hayvanm\u0131\u015f\u0131z gibi davrand\u0131lar.&quot; ifadesini kulland\u0131.<\/p>\n<p>Gece boyunca \u0131slak yataklarda&#8230;<\/p>\n","protected":false},"excerpt":{"rendered":"<p>Gazze&#8217;ye insani yard\u0131m ula\u015ft\u0131rmak ve \u0130srail&#8217;in ablukas\u0131n\u0131 k\u0131rmak amac\u0131yla yola \u00e7\u0131kan K\u00fcresel Sumud Filosu&#8217;nun aktivistlerinden Katy Davidson, Avustralyal\u0131&#8230;<\/p>\n","protected":false},"author":2,"featured_media":31542,"comment_status":"open","ping_status":"open","sticky":false,"template":"","format":"standard","meta":{"footnotes":""},"categories":[6,5],"tags":[],"class_list":["post-31543","post","type-post","status-publish","format-standard","has-post-thumbnail","hentry","category-gundem","category-son-dakika"],"_links":{"self":[{"href":"https:\/\/eskigazeteci.com\/index.php?rest_route=\/wp\/v2\/posts\/31543","targetHints":{"allow":["GET"]}}],"collection":[{"href":"https:\/\/eskigazeteci.com\/index.php?rest_route=\/wp\/v2\/posts"}],"about":[{"href":"https:\/\/eskigazeteci.com\/index.php?rest_route=\/wp\/v2\/types\/post"}],"author":[{"embeddable":true,"href":"https:\/\/eskigazeteci.com\/index.php?rest_route=\/wp\/v2\/users\/2"}],"replies":[{"embeddable":true,"href":"https:\/\/eskigazeteci.com\/index.php?rest_route=%2Fwp%2Fv2%2Fcomments&post=31543"}],"version-history":[{"count":0,"href":"https:\/\/eskigazeteci.com\/index.php?rest_route=\/wp\/v2\/posts\/31543\/revisions"}],"wp:featuredmedia":[{"embeddable":true,"href":"https:\/\/eskigazeteci.com\/index.php?rest_route=\/wp\/v2\/media\/31542"}],"wp:attachment":[{"href":"https:\/\/eskigazeteci.com\/index.php?rest_route=%2Fwp%2Fv2%2Fmedia&parent=31543"}],"wp:term":[{"taxonomy":"category","embeddable":true,"href":"https:\/\/eskigazeteci.com\/index.php?rest_route=%2Fwp%2Fv2%2Fcategories&post=31543"},{"taxonomy":"post_tag","embeddable":true,"href":"https:\/\/eskigazeteci.com\/index.php?rest_route=%2Fwp%2Fv2%2Ftags&post=31543"}],"curies":[{"name":"wp","href":"https:\/\/api.w.org\/{rel}","templated":true}]}}