{"id":31541,"date":"2026-05-01T22:07:26","date_gmt":"2026-05-01T22:07:26","guid":{"rendered":"https:\/\/eskigazeteci.com\/?p=31541"},"modified":"2026-05-01T22:07:26","modified_gmt":"2026-05-01T22:07:26","slug":"resmi-gazete-kararlari-2-mayis-2026","status":"publish","type":"post","link":"https:\/\/eskigazeteci.com\/?p=31541","title":{"rendered":"Resmi Gazete kararlar\u0131 2 May\u0131s 2026"},"content":{"rendered":"<p>Bug\u00fcn Resmi Gazete kararlar\u0131 ve atamalar\u0131 yay\u0131nland\u0131. Vatanda\u015flar\u0131n yak\u0131ndan takip etti\u011fi Resmi Gazete&#x27;de ,Aile ve N\u00fcfus On Y\u0131l\u0131 Genelgesi yay\u0131nland\u0131. Aile ve Sosyal Hizmetler Bakan\u0131 Mahinur \u00d6zdemir G\u00f6kta\u015f, genelgeyle alakal\u0131 sanal medya hesab\u0131ndan yapt\u0131\u011f\u0131 payla\u015f\u0131mda, &quot;Aile ve N\u00fcfus On Y\u0131l\u0131 Genelgemiz, Cumhurba\u015fkan\u0131m\u0131z Recep Tayyip Erdo\u011fan\u2019\u0131n imzas\u0131yla Resm\u00ee Gazete\u2019de yay\u0131mlanarak y\u00fcr\u00fcrl\u00fc\u011fe girdi. Aile yap\u0131m\u0131z\u0131 koruyan, gen\u00e7lerimizi destekleyen ve n\u00fcfus politikalar\u0131m\u0131z\u0131 uzun vadeli bir vizyonla ele alan g\u00fc\u00e7l\u00fc bir yol haritas\u0131 ortaya koyuyoruz.&quot; ifadelerini kulland\u0131. \u0130\u015fte, 2 May\u0131s 2026 tarihli ve 33241 say\u0131l\u0131 Resm\u00ee Gazete kararlar\u0131 ve ayr\u0131nt\u0131lar.<\/p>\n<p>Bug\u00fcn Resmi Gazete kararlar\u0131 ve atamalar\u0131 yay\u0131nland\u0131. Vatanda\u015flar\u0131n yak\u0131ndan takip etti\u011fi Resmi Gazete&#x27;de ,Aile ve N\u00fcfus On Y\u0131l\u0131 Genelgesi yay\u0131nland\u0131. Aile ve Sosyal Hizmetler Bakan\u0131 Mahinur \u00d6zdemir G\u00f6kta\u015f, genelgeyle alakal\u0131 sanal medya hesab\u0131ndan yapt\u0131\u011f\u0131 payla\u015f\u0131mda, &quot;Aile ve N\u00fcfus On Y\u0131l\u0131 Genelgemiz, Cumhurba\u015fkan\u0131m\u0131z Recep Tayyip Erdo\u011fan\u2019\u0131n imzas\u0131yla Resm\u00ee Gazete\u2019de yay\u0131mlanarak y\u00fcr\u00fcrl\u00fc\u011fe girdi. Aile yap\u0131m\u0131z\u0131 koruyan, gen\u00e7lerimizi destekleyen ve n\u00fcfus politikalar\u0131m\u0131z\u0131 uzun vadeli bir vizyonla ele alan g\u00fc\u00e7l\u00fc bir yol haritas\u0131 ortaya&#8230;<\/p>\n","protected":false},"excerpt":{"rendered":"<p>2 May\u0131s 2026 tarihli ve 33241 say\u0131l\u0131 Resm\u00ee Gazete kararlar\u0131 belli oldu. Cumhurba\u015fkanl\u0131\u011f\u0131 Kararnameleri, atama kararlar\u0131 ve yeni y\u00f6netmeliklerin de yer ald\u0131\u011f\u0131&#8230;<\/p>\n","protected":false},"author":2,"featured_media":31540,"comment_status":"open","ping_status":"open","sticky":false,"template":"","format":"standard","meta":{"footnotes":""},"categories":[6,5],"tags":[],"class_list":["post-31541","post","type-post","status-publish","format-standard","has-post-thumbnail","hentry","category-gundem","category-son-dakika"],"_links":{"self":[{"href":"https:\/\/eskigazeteci.com\/index.php?rest_route=\/wp\/v2\/posts\/31541","targetHints":{"allow":["GET"]}}],"collection":[{"href":"https:\/\/eskigazeteci.com\/index.php?rest_route=\/wp\/v2\/posts"}],"about":[{"href":"https:\/\/eskigazeteci.com\/index.php?rest_route=\/wp\/v2\/types\/post"}],"author":[{"embeddable":true,"href":"https:\/\/eskigazeteci.com\/index.php?rest_route=\/wp\/v2\/users\/2"}],"replies":[{"embeddable":true,"href":"https:\/\/eskigazeteci.com\/index.php?rest_route=%2Fwp%2Fv2%2Fcomments&post=31541"}],"version-history":[{"count":0,"href":"https:\/\/eskigazeteci.com\/index.php?rest_route=\/wp\/v2\/posts\/31541\/revisions"}],"wp:featuredmedia":[{"embeddable":true,"href":"https:\/\/eskigazeteci.com\/index.php?rest_route=\/wp\/v2\/media\/31540"}],"wp:attachment":[{"href":"https:\/\/eskigazeteci.com\/index.php?rest_route=%2Fwp%2Fv2%2Fmedia&parent=31541"}],"wp:term":[{"taxonomy":"category","embeddable":true,"href":"https:\/\/eskigazeteci.com\/index.php?rest_route=%2Fwp%2Fv2%2Fcategories&post=31541"},{"taxonomy":"post_tag","embeddable":true,"href":"https:\/\/eskigazeteci.com\/index.php?rest_route=%2Fwp%2Fv2%2Ftags&post=31541"}],"curies":[{"name":"wp","href":"https:\/\/api.w.org\/{rel}","templated":true}]}}