{"id":31539,"date":"2026-05-01T21:57:25","date_gmt":"2026-05-01T21:57:25","guid":{"rendered":"https:\/\/eskigazeteci.com\/?p=31539"},"modified":"2026-05-01T21:57:25","modified_gmt":"2026-05-01T21:57:25","slug":"real-madridde-arda-gulere-buyuk-onur-daha-iyisi-yok","status":"publish","type":"post","link":"https:\/\/eskigazeteci.com\/?p=31539","title":{"rendered":"Real Madrid&#8217;de Arda G\u00fcler&#8217;e b\u00fcy\u00fck onur: Daha iyisi yok!"},"content":{"rendered":"<p>Real Madrid&#x27;de top ko\u015fturan milli futbolcumuz Arda G\u00fcler , kul\u00fcb\u00fcnde bir \u00f6d\u00fcle daha lay\u0131k g\u00f6r\u00fcld\u00fc.<\/p>\n<p>\u00d6zellikle Bayern M\u00fcnih deplasman\u0131nda att\u0131\u011f\u0131 2 golle ad\u0131ndan s\u00f6z ettiren G\u00fcler, Real Madrid &#x27;de nisan ay\u0131n\u0131n en iyi oyuncusu se\u00e7ildi.<\/p>\n<p>Milli futbolcumuz, eflatun-beyazl\u0131 forma atl\u0131nda nisan ay\u0131nda 5 ma\u00e7a \u00e7\u0131kt\u0131 ve 2 gol, 1 asistlik skor katk\u0131s\u0131 \u00fcretti.<\/p>\n<p>T\u00fcrkiye&#x27;den ve D\u00fcnya\u2019dan son dakika haberleri, k\u00f6\u015fe yaz\u0131lar\u0131, magazinden siyasete, spordan seyahate b\u00fct\u00fcn konular\u0131n tek adresi Hurriyet.com.tr haber i\u00e7erikleri izin al\u0131nmadan, kaynak g\u00f6sterilerek dahi iktibas edilemez. Kanuna ayk\u0131r\u0131 ve izinsiz olarak kopyalanamaz, ba\u015fka yerde yay\u0131nlanamaz.<\/p>\n","protected":false},"excerpt":{"rendered":"<p>Milli futbolcumuz Arda G\u00fcler, Real Madrid&#8217;de g\u00f6sterdi\u011fi performansla kul\u00fcb\u00fcn nisan ay\u0131n\u0131n en iyisi oldu. \u00d6zellikle Bayern M\u00fcnih deplasman\u0131nda att\u0131\u011f\u0131 2 golle&#8230;<\/p>\n","protected":false},"author":2,"featured_media":31538,"comment_status":"open","ping_status":"open","sticky":false,"template":"","format":"standard","meta":{"footnotes":""},"categories":[5,7],"tags":[],"class_list":["post-31539","post","type-post","status-publish","format-standard","has-post-thumbnail","hentry","category-son-dakika","category-spor"],"_links":{"self":[{"href":"https:\/\/eskigazeteci.com\/index.php?rest_route=\/wp\/v2\/posts\/31539","targetHints":{"allow":["GET"]}}],"collection":[{"href":"https:\/\/eskigazeteci.com\/index.php?rest_route=\/wp\/v2\/posts"}],"about":[{"href":"https:\/\/eskigazeteci.com\/index.php?rest_route=\/wp\/v2\/types\/post"}],"author":[{"embeddable":true,"href":"https:\/\/eskigazeteci.com\/index.php?rest_route=\/wp\/v2\/users\/2"}],"replies":[{"embeddable":true,"href":"https:\/\/eskigazeteci.com\/index.php?rest_route=%2Fwp%2Fv2%2Fcomments&post=31539"}],"version-history":[{"count":0,"href":"https:\/\/eskigazeteci.com\/index.php?rest_route=\/wp\/v2\/posts\/31539\/revisions"}],"wp:featuredmedia":[{"embeddable":true,"href":"https:\/\/eskigazeteci.com\/index.php?rest_route=\/wp\/v2\/media\/31538"}],"wp:attachment":[{"href":"https:\/\/eskigazeteci.com\/index.php?rest_route=%2Fwp%2Fv2%2Fmedia&parent=31539"}],"wp:term":[{"taxonomy":"category","embeddable":true,"href":"https:\/\/eskigazeteci.com\/index.php?rest_route=%2Fwp%2Fv2%2Fcategories&post=31539"},{"taxonomy":"post_tag","embeddable":true,"href":"https:\/\/eskigazeteci.com\/index.php?rest_route=%2Fwp%2Fv2%2Ftags&post=31539"}],"curies":[{"name":"wp","href":"https:\/\/api.w.org\/{rel}","templated":true}]}}