{"id":31537,"date":"2026-05-01T21:47:22","date_gmt":"2026-05-01T21:47:22","guid":{"rendered":"https:\/\/eskigazeteci.com\/?p=31537"},"modified":"2026-05-01T21:47:22","modified_gmt":"2026-05-01T21:47:22","slug":"real-madrid-israil-temsilcisine-karsi-seride-2","status":"publish","type":"post","link":"https:\/\/eskigazeteci.com\/?p=31537","title":{"rendered":"Real Madrid, \u0130srail temsilcisine kar\u015f\u0131 seride 2"},"content":{"rendered":"<p>Real Madrid ile Hapoel IBI Tel Aviv, Basketbol Avrupa Ligi play-off ikinci ma\u00e7\u0131nda kar\u015f\u0131 kar\u015f\u0131ya geldi.<\/p>\n<p>Movistar Arena&#x27;da oynanan ma\u00e7\u0131n ilk \u00e7eyre\u011fini 24-21 \u00f6nde bitiren ev sahibi ekip, devre aras\u0131na ise 42-40 geride girdi.<\/p>\n<p>\u0130kinci devrede skora ortak olamayan Hapoel IBI Tel Aviv kar\u015f\u0131s\u0131nda \u00fc\u00e7\u00fcnc\u00fc \u00e7eyre\u011fi 73-62 \u00f6nde tamamlayan Real Madrid, m\u00fccadeleyi 102-75 kazand\u0131.<\/p>\n<p>\u0130spanya ekibinde Facundo Campazzo, 23 say\u0131yla galibiyette \u00f6nemli rol oynad\u0131. Konuk tak\u0131mda ise Daniel Oturu&#x27;nun 19 say\u0131s\u0131 ma\u011flubiyeti \u00f6nleyemedi.<\/p>\n<p>Real Madrid , 2-0 \u00f6ne ge\u00e7ti\u011fi serinin \u00fc\u00e7\u00fcnc\u00fc kar\u015f\u0131la\u015fmas\u0131n\u0131, 5 May\u0131s Sal\u0131 g\u00fcn\u00fc deplasmanda oynayacak.<\/p>\n<p>T\u00fcrkiye&#x27;den ve D\u00fcnya\u2019dan son dakika haberleri, k\u00f6\u015fe yaz\u0131lar\u0131, magazinden siyasete, spordan seyahate b\u00fct\u00fcn konular\u0131n tek adresi Hurriyet.com.tr haber i\u00e7erikleri izin al\u0131nmadan, kaynak g\u00f6sterilerek dahi iktibas edilemez. Kanuna ayk\u0131r\u0131 ve izinsiz olarak kopyalanamaz, ba\u015fka yerde yay\u0131nlanamaz.<\/p>\n","protected":false},"excerpt":{"rendered":"<p>Basketbol Avrupa Ligi play-off ikinci ma\u00e7\u0131nda \u0130spanya ekibi Real Madrid, sahas\u0131nda \u0130srail temsilcisi Hapoel IBI Tel Aviv&#8217;i 102-75 yenerek seride 2-0 \u00f6ne ge\u00e7ti.<\/p>\n","protected":false},"author":2,"featured_media":31536,"comment_status":"open","ping_status":"open","sticky":false,"template":"","format":"standard","meta":{"footnotes":""},"categories":[5,7],"tags":[],"class_list":["post-31537","post","type-post","status-publish","format-standard","has-post-thumbnail","hentry","category-son-dakika","category-spor"],"_links":{"self":[{"href":"https:\/\/eskigazeteci.com\/index.php?rest_route=\/wp\/v2\/posts\/31537","targetHints":{"allow":["GET"]}}],"collection":[{"href":"https:\/\/eskigazeteci.com\/index.php?rest_route=\/wp\/v2\/posts"}],"about":[{"href":"https:\/\/eskigazeteci.com\/index.php?rest_route=\/wp\/v2\/types\/post"}],"author":[{"embeddable":true,"href":"https:\/\/eskigazeteci.com\/index.php?rest_route=\/wp\/v2\/users\/2"}],"replies":[{"embeddable":true,"href":"https:\/\/eskigazeteci.com\/index.php?rest_route=%2Fwp%2Fv2%2Fcomments&post=31537"}],"version-history":[{"count":0,"href":"https:\/\/eskigazeteci.com\/index.php?rest_route=\/wp\/v2\/posts\/31537\/revisions"}],"wp:featuredmedia":[{"embeddable":true,"href":"https:\/\/eskigazeteci.com\/index.php?rest_route=\/wp\/v2\/media\/31536"}],"wp:attachment":[{"href":"https:\/\/eskigazeteci.com\/index.php?rest_route=%2Fwp%2Fv2%2Fmedia&parent=31537"}],"wp:term":[{"taxonomy":"category","embeddable":true,"href":"https:\/\/eskigazeteci.com\/index.php?rest_route=%2Fwp%2Fv2%2Fcategories&post=31537"},{"taxonomy":"post_tag","embeddable":true,"href":"https:\/\/eskigazeteci.com\/index.php?rest_route=%2Fwp%2Fv2%2Ftags&post=31537"}],"curies":[{"name":"wp","href":"https:\/\/api.w.org\/{rel}","templated":true}]}}