{"id":31535,"date":"2026-05-01T21:27:19","date_gmt":"2026-05-01T21:27:19","guid":{"rendered":"https:\/\/eskigazeteci.com\/?p=31535"},"modified":"2026-05-01T21:27:19","modified_gmt":"2026-05-01T21:27:19","slug":"emeklilere-otvsiz-arac-son-durum-gelismeleri-2026","status":"publish","type":"post","link":"https:\/\/eskigazeteci.com\/?p=31535","title":{"rendered":"Emeklilere \u00d6TV&#8217;siz ara\u00e7 son durum geli\u015fmeleri 2026"},"content":{"rendered":"<p>Emekliye \u00d6TV&#x27;siz ara\u00e7 \u015fartlar\u0131 2026 ve ne zaman Meclis&#x27;ten ge\u00e7ece\u011fi son dakika geli\u015fmeler ile takip ediliyor. Milyonlarca emekli Emeklilere \u00d6zel T\u00fcketim Vergisi (\u00d6TV&#x27;siz) muafiyetli ara\u00e7 listesini de ara\u015ft\u0131rmaya ba\u015flad\u0131. Daha \u00f6nce \u00d6TV&#x27;siz ara\u00e7 al\u0131m hakk\u0131 tan\u0131nmas\u0131na y\u00f6nelik bir kanun teklifi, T\u00fcrkiye B\u00fcy\u00fck Millet Meclisi&#x27;ne (TBMM) sunuldu. Buna g\u00f6re Teklif, TBMM Genel Kurulu&#x27;nda kabul edilmesi durumunda, Komisyon&#x27;da g\u00f6r\u00fc\u015f\u00fclecek. Ba\u011fkur&#x27;lu emeklilerin yararlanmas\u0131n\u0131n bekledi\u011fi teklifle \u00d6TV&#x27;siz ara\u00e7 limitinin de belirlenmesi bekleniyor. Emekliye \u00d6TVsiz ara\u00e7 listesi ve \u015fartlar\u0131 da g\u00fcndeme gelen bir di\u011fer konu oldu. Peki, Emekli \u00d6TV&#x27;siz ara\u00e7 kanun teklifi Meclis&#x27;ten ge\u00e7ti mi, ne zaman y\u00fcr\u00fcrl\u00fc\u011fe girecek? Emeklilere \u00d6zel T\u00fcketim Vergisi (\u00d6TV&#x27;siz) muafiyetli ara\u00e7lar hangileri? \u0130\u015fte, emekliye \u00d6TV muafiyetli ara\u00e7 al\u0131m\u0131 son dakika haberleri&#8230;<\/p>\n<p>Baz\u0131 haber sitelerinde, Emeklilere y\u00f6nelik \u00d6TV&#x27;siz otomobil yasas\u0131n\u0131n Meclis&#x27;ten ge\u00e7ti\u011fi ve y\u00fcr\u00fcrl\u00fc\u011fe girdi\u011fi iddia edildi. Teklif, CHP Tokat Milletvekili Kadim Durmaz taraf\u0131ndan haz\u0131rland\u0131 ve \u015eubat sonu &#8211; Mart ba\u015f\u0131 itibar\u0131yla TBMM Ba\u015fkanl\u0131\u011f\u0131&#x27;na iletildi Ancak teklif hen\u00fcz genel kurulda kabul edilmedi, Resmi Gazete&#x27;de yay\u0131mlanmad\u0131 ve y\u00fcr\u00fcrl\u00fc\u011fe&#8230;<\/p>\n","protected":false},"excerpt":{"rendered":"<p>Emeklilere \u00d6TV&#8217;siz ara\u00e7 Meclis&#8217;ten ge\u00e7ti mi? son dakika geli\u015fmeler ile takip ediliyor. Emekliye \u00d6TV&#8217;siz ara\u00e7 \u015fartlar\u0131 ve al\u0131nabilecek ara\u00e7lar listesi 2026,&#8230;<\/p>\n","protected":false},"author":2,"featured_media":31534,"comment_status":"open","ping_status":"open","sticky":false,"template":"","format":"standard","meta":{"footnotes":""},"categories":[6,5],"tags":[],"class_list":["post-31535","post","type-post","status-publish","format-standard","has-post-thumbnail","hentry","category-gundem","category-son-dakika"],"_links":{"self":[{"href":"https:\/\/eskigazeteci.com\/index.php?rest_route=\/wp\/v2\/posts\/31535","targetHints":{"allow":["GET"]}}],"collection":[{"href":"https:\/\/eskigazeteci.com\/index.php?rest_route=\/wp\/v2\/posts"}],"about":[{"href":"https:\/\/eskigazeteci.com\/index.php?rest_route=\/wp\/v2\/types\/post"}],"author":[{"embeddable":true,"href":"https:\/\/eskigazeteci.com\/index.php?rest_route=\/wp\/v2\/users\/2"}],"replies":[{"embeddable":true,"href":"https:\/\/eskigazeteci.com\/index.php?rest_route=%2Fwp%2Fv2%2Fcomments&post=31535"}],"version-history":[{"count":0,"href":"https:\/\/eskigazeteci.com\/index.php?rest_route=\/wp\/v2\/posts\/31535\/revisions"}],"wp:featuredmedia":[{"embeddable":true,"href":"https:\/\/eskigazeteci.com\/index.php?rest_route=\/wp\/v2\/media\/31534"}],"wp:attachment":[{"href":"https:\/\/eskigazeteci.com\/index.php?rest_route=%2Fwp%2Fv2%2Fmedia&parent=31535"}],"wp:term":[{"taxonomy":"category","embeddable":true,"href":"https:\/\/eskigazeteci.com\/index.php?rest_route=%2Fwp%2Fv2%2Fcategories&post=31535"},{"taxonomy":"post_tag","embeddable":true,"href":"https:\/\/eskigazeteci.com\/index.php?rest_route=%2Fwp%2Fv2%2Ftags&post=31535"}],"curies":[{"name":"wp","href":"https:\/\/api.w.org\/{rel}","templated":true}]}}