{"id":31533,"date":"2026-05-01T21:07:22","date_gmt":"2026-05-01T21:07:22","guid":{"rendered":"https:\/\/eskigazeteci.com\/?p=31533"},"modified":"2026-05-01T21:07:22","modified_gmt":"2026-05-01T21:07:22","slug":"19-mayis-resmi-tatil-mi-hangi-gun-2026","status":"publish","type":"post","link":"https:\/\/eskigazeteci.com\/?p=31533","title":{"rendered":"19 MAYIS RESM\u0130 TAT\u0130L M\u0130, HANG\u0130 G\u00dcN 2026?"},"content":{"rendered":"<p>19 May\u0131s&#x27;\u0131n hangi g\u00fcne denk gelece\u011fi ve tatilin ka\u00e7 g\u00fcn olaca\u011f\u0131, \u015fimdiden tatil plan\u0131 yapan vatanda\u015flar\u0131n odakland\u0131\u011f\u0131 konulardan oldu. \u00d6zellikle 19 May\u0131s&#x27;\u0131n hafta sonu ile birle\u015fip birle\u015fmedi\u011fi \u015fehir d\u0131\u015f\u0131na \u00e7\u0131kmak isteyenler taraf\u0131ndan merak konusu oldu. 2026 takvimine g\u00f6re bu sene 19 May\u0131s Sal\u0131 g\u00fcn\u00fc 19 May\u0131s ise Pazartesi g\u00fcn\u00fcne denk gelecek. 19 May\u0131s Atat\u00fcrk&#x27;\u00fc Anma, Gen\u00e7lik ve Spor Bayram\u0131 ile Gen\u00e7lik Haftas\u0131, Gen\u00e7lik ve Spor Bakanl\u0131\u011f\u0131&#x27;n\u0131n \u00f6nc\u00fcl\u00fc\u011f\u00fcnde yurt genelinde \u00e7e\u015fitli etkinliklerle kutlanacak. T\u00fcrk milletinin kurtulu\u015funun, T\u00fcrkiye Cumhuriyeti&#x27;nin kurulu\u015funun ilk ad\u0131m\u0131 olan 19 May\u0131s, T\u00fcrk tarihinin \u00f6zel g\u00fcnleri aras\u0131nda yerini al\u0131yor. Peki, 18 May\u0131s tatil mi, okul var m\u0131? \u0130\u015fte, ayr\u0131nt\u0131lar.<\/p>\n<p>19 May\u0131s Gen\u00e7lik ve Spor Bayram\u0131 bu y\u0131l Sal\u0131 g\u00fcn\u00fcne denk geliyor. Bu do\u011frultuda 19 May\u0131s t\u00f6renleri sal\u0131 g\u00fcn\u00fc ger\u00e7ekle\u015ftirilecek.<\/p>\n<p>19 May\u0131s Gen\u00e7lik ve Spor Bayram\u0131 bu y\u0131l Sal\u0131 g\u00fcn\u00fcne denk geliyor. Bu do\u011frultuda 19 May\u0131s t\u00f6renleri sal\u0131 g\u00fcn\u00fc ger\u00e7ekle\u015ftirilecek.<\/p>\n<p>19 May\u0131s Atat\u00fcrk\u2019\u00fc Anma, Gen\u00e7lik ve Spor Bayram\u0131 resmi tatil olarak mevzuatta yer almaktad\u0131r. Atat\u00fcrk\u2019\u00fcn bu tarihte Samsun\u2019a \u00c7\u0131k\u0131\u015f\u0131 ve Kurtulu\u015f M\u00fccadelesini ba\u015flatmas\u0131 ile bu tarih resmi tatil ilan edilmi\u015ftir ve g\u00fcn\u00fcm\u00fczde&#8230;<\/p>\n","protected":false},"excerpt":{"rendered":"<p>19 May\u0131s hangi g\u00fcn, resmi tatil mi 2026? sorular\u0131 \u00e7al\u0131\u015fanlar ve \u00f6\u011frenciler taraf\u0131ndan merak ediliyor. 1 May\u0131s \u0130\u015f\u00e7i Bayram\u0131&#8217;n\u0131n hafta sonu ile birle\u015ferek \u00fc\u00e7&#8230;<\/p>\n","protected":false},"author":2,"featured_media":31532,"comment_status":"open","ping_status":"open","sticky":false,"template":"","format":"standard","meta":{"footnotes":""},"categories":[6,5],"tags":[],"class_list":["post-31533","post","type-post","status-publish","format-standard","has-post-thumbnail","hentry","category-gundem","category-son-dakika"],"_links":{"self":[{"href":"https:\/\/eskigazeteci.com\/index.php?rest_route=\/wp\/v2\/posts\/31533","targetHints":{"allow":["GET"]}}],"collection":[{"href":"https:\/\/eskigazeteci.com\/index.php?rest_route=\/wp\/v2\/posts"}],"about":[{"href":"https:\/\/eskigazeteci.com\/index.php?rest_route=\/wp\/v2\/types\/post"}],"author":[{"embeddable":true,"href":"https:\/\/eskigazeteci.com\/index.php?rest_route=\/wp\/v2\/users\/2"}],"replies":[{"embeddable":true,"href":"https:\/\/eskigazeteci.com\/index.php?rest_route=%2Fwp%2Fv2%2Fcomments&post=31533"}],"version-history":[{"count":0,"href":"https:\/\/eskigazeteci.com\/index.php?rest_route=\/wp\/v2\/posts\/31533\/revisions"}],"wp:featuredmedia":[{"embeddable":true,"href":"https:\/\/eskigazeteci.com\/index.php?rest_route=\/wp\/v2\/media\/31532"}],"wp:attachment":[{"href":"https:\/\/eskigazeteci.com\/index.php?rest_route=%2Fwp%2Fv2%2Fmedia&parent=31533"}],"wp:term":[{"taxonomy":"category","embeddable":true,"href":"https:\/\/eskigazeteci.com\/index.php?rest_route=%2Fwp%2Fv2%2Fcategories&post=31533"},{"taxonomy":"post_tag","embeddable":true,"href":"https:\/\/eskigazeteci.com\/index.php?rest_route=%2Fwp%2Fv2%2Ftags&post=31533"}],"curies":[{"name":"wp","href":"https:\/\/api.w.org\/{rel}","templated":true}]}}