{"id":31531,"date":"2026-05-01T20:37:18","date_gmt":"2026-05-01T20:37:18","guid":{"rendered":"https:\/\/eskigazeteci.com\/?p=31531"},"modified":"2026-05-01T20:37:18","modified_gmt":"2026-05-01T20:37:18","slug":"salih-ucan-besiktasin-her-oyuncusu-degerlidir","status":"publish","type":"post","link":"https:\/\/eskigazeteci.com\/?p=31531","title":{"rendered":"Salih U\u00e7an: &#8216;Be\u015fikta\u015f&#8217;\u0131n her oyuncusu de\u011ferlidir!&#8217;"},"content":{"rendered":"<p>Be\u015fikta\u015f , Trendyol S\u00fcper Lig&#x27;in 32. haftas\u0131nda Gaziantep FK &#x27;y\u0131 deplasmanda 2-0 ma\u011flup etti. Ma\u00e7\u0131n ard\u0131ndan bas\u0131n mensuplar\u0131na a\u00e7\u0131klamalarda bulunan Be\u015fikta\u015f&#x27;\u0131n orta saha oyuncusu Salih U\u00e7an, galibiyet i\u00e7in mutlu olduklar\u0131n\u0131 s\u00f6yledi.<\/p>\n<p>U\u00e7an, &quot;Ma\u00e7\u0131 kazanmay\u0131 bildik. Be\u015fikta\u015f&#x27;\u0131n her oyuncusu de\u011ferlidir. Be\u015fikta\u015f i\u00e7in m\u00fccadele eder. Bug\u00fcn de \u00f6yle oldu. Kazand\u0131\u011f\u0131m\u0131z i\u00e7in mutluyuz. Bug\u00fcn \u00e7ok fazla \u015fans bulmayan, birlikte ilk 11&#x27;e \u00e7\u0131kmayan oyuncu grubu sahadayd\u0131. Ama herhangi bir talihsizlik, s\u0131k\u0131nt\u0131 olmad\u0131. Ma\u00e7\u0131 kazanmay\u0131 bildik. Kazand\u0131\u011f\u0131m\u0131z i\u00e7in mutluyuz&quot; ifadelerini kulland\u0131.<\/p>\n<p>&quot;Hedefimiz kupada finale \u00e7\u0131kmak&quot;<\/p>\n<p>Art\u0131k kupadaki Konyaspor ma\u00e7\u0131na odakland\u0131klar\u0131n\u0131 da s\u00f6yleyen Salih U\u00e7an , &quot;\u0130n\u015fallah Konya ma\u00e7\u0131n\u0131 kazan\u0131p finale \u00e7\u0131kmak istiyoruz. Taraftar\u0131m\u0131z\u0131n g\u00fcc\u00fcyle, kendi oyun g\u00fcc\u00fcm\u00fczle her \u015feyi sahaya yans\u0131taca\u011f\u0131z. Kolay bir ma\u00e7 olmayacak. Konya&#x27;da diri bir tak\u0131m, ben \u00f6yle g\u00f6r\u00fcyorum. \u0130n\u015fallah kazan\u0131r\u0131z diye d\u00fc\u015f\u00fcn\u00fcyorum&quot; diye konu\u015ftu.<\/p>\n<p>T\u00fcrkiye&#x27;den ve D\u00fcnya\u2019dan son dakika haberleri, k\u00f6\u015fe yaz\u0131lar\u0131, magazinden siyasete, spordan seyahate b\u00fct\u00fcn konular\u0131n tek adresi Hurriyet.com.tr haber i\u00e7erikleri izin al\u0131nmadan, kaynak g\u00f6sterilerek dahi iktibas edilemez. Kanuna ayk\u0131r\u0131 ve izinsiz olarak&#8230;<\/p>\n","protected":false},"excerpt":{"rendered":"<p>Be\u015fikta\u015fl\u0131 oyuncu Salih U\u00e7an, deplasmanda 2-0 kazand\u0131klar\u0131 Gaziantep Futbol Kul\u00fcb\u00fc ma\u00e7\u0131n\u0131n ard\u0131ndan, Bug\u00fcn kazand\u0131\u011f\u0131m\u0131z i\u00e7in mutluyuz dedi. U\u00e7an, art\u0131k kupa&#8230;<\/p>\n","protected":false},"author":2,"featured_media":31530,"comment_status":"open","ping_status":"open","sticky":false,"template":"","format":"standard","meta":{"footnotes":""},"categories":[5,7],"tags":[],"class_list":["post-31531","post","type-post","status-publish","format-standard","has-post-thumbnail","hentry","category-son-dakika","category-spor"],"_links":{"self":[{"href":"https:\/\/eskigazeteci.com\/index.php?rest_route=\/wp\/v2\/posts\/31531","targetHints":{"allow":["GET"]}}],"collection":[{"href":"https:\/\/eskigazeteci.com\/index.php?rest_route=\/wp\/v2\/posts"}],"about":[{"href":"https:\/\/eskigazeteci.com\/index.php?rest_route=\/wp\/v2\/types\/post"}],"author":[{"embeddable":true,"href":"https:\/\/eskigazeteci.com\/index.php?rest_route=\/wp\/v2\/users\/2"}],"replies":[{"embeddable":true,"href":"https:\/\/eskigazeteci.com\/index.php?rest_route=%2Fwp%2Fv2%2Fcomments&post=31531"}],"version-history":[{"count":0,"href":"https:\/\/eskigazeteci.com\/index.php?rest_route=\/wp\/v2\/posts\/31531\/revisions"}],"wp:featuredmedia":[{"embeddable":true,"href":"https:\/\/eskigazeteci.com\/index.php?rest_route=\/wp\/v2\/media\/31530"}],"wp:attachment":[{"href":"https:\/\/eskigazeteci.com\/index.php?rest_route=%2Fwp%2Fv2%2Fmedia&parent=31531"}],"wp:term":[{"taxonomy":"category","embeddable":true,"href":"https:\/\/eskigazeteci.com\/index.php?rest_route=%2Fwp%2Fv2%2Fcategories&post=31531"},{"taxonomy":"post_tag","embeddable":true,"href":"https:\/\/eskigazeteci.com\/index.php?rest_route=%2Fwp%2Fv2%2Ftags&post=31531"}],"curies":[{"name":"wp","href":"https:\/\/api.w.org\/{rel}","templated":true}]}}