{"id":31529,"date":"2026-05-01T20:30:19","date_gmt":"2026-05-01T20:30:19","guid":{"rendered":"https:\/\/eskigazeteci.com\/?p=31529"},"modified":"2026-05-01T20:30:19","modified_gmt":"2026-05-01T20:30:19","slug":"ehliyetsiz-surucuye-rekor-ceza-polise-sarilip-agladi","status":"publish","type":"post","link":"https:\/\/eskigazeteci.com\/?p=31529","title":{"rendered":"Ehliyetsiz s\u00fcr\u00fcc\u00fcye rekor ceza! Polise sar\u0131l\u0131p a\u011flad\u0131"},"content":{"rendered":"<p>Olay, Ayd\u0131n \u2019\u0131n Efeler il\u00e7esinde saat 20.00\u2019de meydana geldi. Kemer Mahallesi\u2019nde \u00fczerinde kasks\u0131z iki gencin bulundu\u011fu motosikletten \u015f\u00fcphelenen polis , &#x27;dur&#x27; ihtar\u0131nda bulundu. Polisin ikazlar\u0131na uymayan s\u00fcr\u00fcc\u00fc ka\u00e7maya ba\u015flad\u0131.<\/p>\n<p>Mimar Sinan Mahallesi y\u00f6n\u00fcnde ka\u00e7\u0131\u015f\u0131n\u0131 s\u00fcrd\u00fcren s\u00fcr\u00fcc\u00fc, takip s\u0131ras\u0131nda motosikletini devrildi. Motosiklet s\u00fcr\u00fcc\u00fcs\u00fc M.M. ve yan\u0131ndaki arkada\u015f\u0131 kazay\u0131 hafif s\u0131yr\u0131klarla atlatt\u0131.<\/p>\n<p>Kazadan sonra polise sar\u0131l\u0131p a\u011flayan s\u00fcr\u00fcc\u00fcye; ehliyetsiz ve kasks\u0131z motosiklet kullanmak, k\u0131rm\u0131z\u0131 \u0131\u015f\u0131k ihlali, trafik g\u00fcvenli\u011fini tehlikeye d\u00fc\u015f\u00fcrmek ve \u2018dur\u2019 ihtar\u0131na uymamaktan 400 bin TL para cezas\u0131 kesildi.<\/p>\n<p>Hafif yaral\u0131 s\u00fcr\u00fcc\u00fc ve arkada\u015f\u0131, ambulans ile kald\u0131r\u0131ld\u0131\u011f\u0131 hastanede tedaviye al\u0131nd\u0131.<\/p>\n<p>T\u00fcrkiye g\u00fcndeminden son dakika haberleri, bug\u00fcn ya\u015fanan en son geli\u015fmeler, siyaset g\u00fcndeminden g\u00fcncel haberler ve b\u00fct\u00fcn son dakika haberleri i\u00e7in H\u00fcrriyet&#x27;in internet haber sitesi hurriyet.com.tr; Hurriyet.com.tr haber i\u00e7erikleri kaynak g\u00f6sterilmeden al\u0131nt\u0131 yap\u0131lamaz, Kanuna ayk\u0131r\u0131 ve izinsiz olarak kopyalanamaz, ba\u015fka yerde yay\u0131nlanamaz.<\/p>\n","protected":false},"excerpt":{"rendered":"<p>Ayd\u0131n\u2019\u0131n Efeler il\u00e7esinde polisin \u2018dur\u2019 ihtar\u0131na uymayan ehliyetsiz motosiklet s\u00fcr\u00fcc\u00fcs\u00fc, ka\u00e7t\u0131\u011f\u0131 s\u0131rada kaza yapt\u0131. Kazadan sonra polise sar\u0131l\u0131p a\u011flayan&#8230;<\/p>\n","protected":false},"author":2,"featured_media":31528,"comment_status":"open","ping_status":"open","sticky":false,"template":"","format":"standard","meta":{"footnotes":""},"categories":[6,5],"tags":[],"class_list":["post-31529","post","type-post","status-publish","format-standard","has-post-thumbnail","hentry","category-gundem","category-son-dakika"],"_links":{"self":[{"href":"https:\/\/eskigazeteci.com\/index.php?rest_route=\/wp\/v2\/posts\/31529","targetHints":{"allow":["GET"]}}],"collection":[{"href":"https:\/\/eskigazeteci.com\/index.php?rest_route=\/wp\/v2\/posts"}],"about":[{"href":"https:\/\/eskigazeteci.com\/index.php?rest_route=\/wp\/v2\/types\/post"}],"author":[{"embeddable":true,"href":"https:\/\/eskigazeteci.com\/index.php?rest_route=\/wp\/v2\/users\/2"}],"replies":[{"embeddable":true,"href":"https:\/\/eskigazeteci.com\/index.php?rest_route=%2Fwp%2Fv2%2Fcomments&post=31529"}],"version-history":[{"count":0,"href":"https:\/\/eskigazeteci.com\/index.php?rest_route=\/wp\/v2\/posts\/31529\/revisions"}],"wp:featuredmedia":[{"embeddable":true,"href":"https:\/\/eskigazeteci.com\/index.php?rest_route=\/wp\/v2\/media\/31528"}],"wp:attachment":[{"href":"https:\/\/eskigazeteci.com\/index.php?rest_route=%2Fwp%2Fv2%2Fmedia&parent=31529"}],"wp:term":[{"taxonomy":"category","embeddable":true,"href":"https:\/\/eskigazeteci.com\/index.php?rest_route=%2Fwp%2Fv2%2Fcategories&post=31529"},{"taxonomy":"post_tag","embeddable":true,"href":"https:\/\/eskigazeteci.com\/index.php?rest_route=%2Fwp%2Fv2%2Ftags&post=31529"}],"curies":[{"name":"wp","href":"https:\/\/api.w.org\/{rel}","templated":true}]}}