{"id":31527,"date":"2026-05-01T20:28:48","date_gmt":"2026-05-01T20:28:48","guid":{"rendered":"https:\/\/eskigazeteci.com\/?p=31527"},"modified":"2026-05-01T20:28:48","modified_gmt":"2026-05-01T20:28:48","slug":"mirel-radoi-futbol-adil-olmadigini-gosterdi","status":"publish","type":"post","link":"https:\/\/eskigazeteci.com\/?p=31527","title":{"rendered":"Mirel Radoi: &#8216;Futbol adil olmad\u0131\u011f\u0131n\u0131 g\u00f6sterdi!&#8217;"},"content":{"rendered":"<p>Gaziantep Futbol Kul\u00fcb\u00fc, Trendyol S\u00fcper Lig&#x27;in 32. haftas\u0131nda sahas\u0131nda Be\u015fikta\u015f &#x27;\u0131 konuk etti. Kar\u015f\u0131la\u015fmay\u0131 2-0 ma\u011flup bitiren Gaziantep FK 37 puanda kal\u0131rken, Be\u015fikta\u015f ise puan\u0131n\u0131 59&#x27;a y\u00fckseltti.<\/p>\n<p>Kar\u015f\u0131la\u015fman\u0131n ard\u0131ndan d\u00fczenlenen bas\u0131n toplant\u0131s\u0131nda de\u011ferlendirmelerde bulunan Gaziantep FK Teknik Direkt\u00f6r\u00fc Mirel Radoi , ma\u011flubiyet i\u00e7in \u00fczg\u00fcn olduklar\u0131n\u0131 s\u00f6yledi. Radoi, &quot;Bizim i\u00e7in \u00e7ok zor bir ma\u00e7t\u0131. Bu ma\u00e7\u0131 kolaya da \u00e7evirebilirdik ama ba\u015faramad\u0131k. Ma\u00e7a istedi\u011fimiz gibi ba\u015flayamad\u0131k. Pozisyon almalarda yava\u015f kald\u0131k. Sonras\u0131nda duran toptan 2 gol yedik. Futbol adil bir oyun de\u011fil. \u0130kinci yar\u0131 etkili oynad\u0131k ve yedi net pozisyona girdik ama gol atamad\u0131k. Bunlar\u0131 atamay\u0131nca da bu \u015fekilde yenilgi geldi. Bizim i\u00e7in sonu\u00e7 biraz ac\u0131 oldu. Bug\u00fcn ya\u011fmurlu ve so\u011fuk bir hava vard\u0131. \u00c7ok say\u0131da taraftar bizi desteklemeye geldi. Taraftarlar\u0131m\u0131z i\u00e7in gol atmam\u0131z yada puan almam\u0131z gerekiyordu ama ba\u015faramad\u0131k. \u00d6n\u00fcm\u00fczdeki ma\u00e7ta bunu ba\u015farmaya \u00e7al\u0131\u015faca\u011f\u0131z. Gelece\u011fi kimse bilemez ama futbolcular\u0131n da anlamas\u0131 gerek bir \u015fey var. Her idman, her ma\u00e7 biz onlar\u0131 de\u011ferlendiriyoruz. E\u011fer gelecek sezon burada olmak istiyorlarsa onlar da bu f\u0131rsat\u0131 de\u011ferlendirmeli. Oyuncular burada olmak i\u00e7in performans&#8230;<\/p>\n","protected":false},"excerpt":{"rendered":"<p>Gaziantep Futbol Kul\u00fcb\u00fc Teknik Direkt\u00f6r\u00fc Mirel Radoi, 2-0 ma\u011flup bitirdikleri Be\u015fikta\u015f ma\u00e7\u0131n\u0131n ard\u0131ndan, Bizim i\u00e7in sonu\u00e7 biraz ac\u0131 oldu dedi.<\/p>\n","protected":false},"author":2,"featured_media":31526,"comment_status":"open","ping_status":"open","sticky":false,"template":"","format":"standard","meta":{"footnotes":""},"categories":[5,7],"tags":[],"class_list":["post-31527","post","type-post","status-publish","format-standard","has-post-thumbnail","hentry","category-son-dakika","category-spor"],"_links":{"self":[{"href":"https:\/\/eskigazeteci.com\/index.php?rest_route=\/wp\/v2\/posts\/31527","targetHints":{"allow":["GET"]}}],"collection":[{"href":"https:\/\/eskigazeteci.com\/index.php?rest_route=\/wp\/v2\/posts"}],"about":[{"href":"https:\/\/eskigazeteci.com\/index.php?rest_route=\/wp\/v2\/types\/post"}],"author":[{"embeddable":true,"href":"https:\/\/eskigazeteci.com\/index.php?rest_route=\/wp\/v2\/users\/2"}],"replies":[{"embeddable":true,"href":"https:\/\/eskigazeteci.com\/index.php?rest_route=%2Fwp%2Fv2%2Fcomments&post=31527"}],"version-history":[{"count":0,"href":"https:\/\/eskigazeteci.com\/index.php?rest_route=\/wp\/v2\/posts\/31527\/revisions"}],"wp:featuredmedia":[{"embeddable":true,"href":"https:\/\/eskigazeteci.com\/index.php?rest_route=\/wp\/v2\/media\/31526"}],"wp:attachment":[{"href":"https:\/\/eskigazeteci.com\/index.php?rest_route=%2Fwp%2Fv2%2Fmedia&parent=31527"}],"wp:term":[{"taxonomy":"category","embeddable":true,"href":"https:\/\/eskigazeteci.com\/index.php?rest_route=%2Fwp%2Fv2%2Fcategories&post=31527"},{"taxonomy":"post_tag","embeddable":true,"href":"https:\/\/eskigazeteci.com\/index.php?rest_route=%2Fwp%2Fv2%2Ftags&post=31527"}],"curies":[{"name":"wp","href":"https:\/\/api.w.org\/{rel}","templated":true}]}}