{"id":31525,"date":"2026-05-01T20:27:16","date_gmt":"2026-05-01T20:27:16","guid":{"rendered":"https:\/\/eskigazeteci.com\/?p=31525"},"modified":"2026-05-01T20:27:16","modified_gmt":"2026-05-01T20:27:16","slug":"quaresmadan-arda-guler-ve-besiktas-yorumu-serdal-adalinin-daha-iyi-transfer-yapmasini-istiyorum","status":"publish","type":"post","link":"https:\/\/eskigazeteci.com\/?p=31525","title":{"rendered":"Quaresma&#8217;dan Arda G\u00fcler ve Be\u015fikta\u015f yorumu: &#8216;Serdal Adal\u0131&#8217;n\u0131n daha iyi transfer yapmas\u0131n\u0131 istiyorum!&#8217;"},"content":{"rendered":"<p>Be\u015fikta\u015f &#x27;\u0131n efsane futbolcular\u0131ndan Ricardo Quaresma, A Spor&#x27;a a\u00e7\u0131klamalarda bulundu.<\/p>\n<p>\u0130\u015fte Quaresma&#x27;n\u0131n a\u00e7\u0131klamalar\u0131;<\/p>\n<p>SERDAL ADALI &amp; BE\u015e\u0130KTA\u015e<\/p>\n<p>\u201cBa\u015fkan Serdal Adal\u0131 benim i\u00e7in \u00e7ok \u00f6nemli biri. Bana T\u00fcrkiye&#x27;ye gelme f\u0131rsat\u0131 sunan, bunca y\u0131l sevgi veren bir ki\u015fi. Ancak konu\u015ftuklar\u0131m\u0131z aram\u0131zda kalacak; onunla \u00f6zel bir konu\u015fmam\u0131z oldu. Be\u015fikta\u015f&#x27;\u0131 \u015fampiyonlu\u011fa ta\u015f\u0131mas\u0131n\u0131 \u00e7ok istiyorum.<\/p>\n<p>Be\u015fikta\u015f&#x27;\u0131n \u015fu an biraz kayboldu\u011funu d\u00fc\u015f\u00fcn\u00fcyorum. Bence oyuncular\u0131n \u00e7ok daha fazla \u00e7al\u0131\u015fmas\u0131 laz\u0131m. Kul\u00fcb\u00fcn \u00f6nemini, ta\u015f\u0131d\u0131klar\u0131 arman\u0131n de\u011ferini bilmelerini \u00e7ok istiyorum. Ba\u015fkan\u0131n da daha iyi transferler yapmas\u0131n\u0131; sava\u015f\u00e7\u0131 ruhlu ve \u015fampiyonlu\u011fa ko\u015facak oyuncular transfer etmesini istiyorum.<\/p>\n<p>Be\u015fikta\u015f i\u00e7in yapt\u0131klar\u0131mdan \u00e7ok gurur duyuyorum. Hayranlar\u0131m\u0131n beni sevmesi beni \u00e7ok mutlu ediyor. Bu, benimle mezara kadar gidecek bir sevgi.&quot;<\/p>\n<p>T\u00dcRK\u0130YE &amp; D\u00dcNYA KUPASI<\/p>\n<p>&quot; D\u00fcnya Kupas\u0131 &#x27;nda T\u00fcrkiye i\u00e7in \u00e7ok mutlu oldum. Umar\u0131m iyi bir yere gelirler. Onlar\u0131n da tabii ki kazanmas\u0131n\u0131 istiyorum. \u00c7\u00fcnk\u00fc T\u00fcrkiye&#x27;yi ben ikinci evim olarak say\u0131yorum.&quot;<\/p>\n<p>ARDA G\u00dcLER YORUMU<\/p>\n<p>&quot;T\u00fcrkiye Milli Tak\u0131m\u0131&#x27;nda en be\u011fendi\u011fin futbolcu kim?&quot; sorusuna ise Quaresma , &#x27;&quot; Arda G\u00fcler &quot; yan\u0131t\u0131n\u0131 verdi.<\/p>\n<p>T\u00fcrkiye&#x27;den ve D\u00fcnya\u2019dan son dakika&#8230;<\/p>\n","protected":false},"excerpt":{"rendered":"<p>Be\u015fikta\u015f&#8217;\u0131n unutulmaz futbolcular\u0131ndan Ricardo Quaresma, siyah-beyazl\u0131lara ve T\u00fcrk futboluna dair a\u00e7\u0131klamalarda bulundu. Portekizli y\u0131ld\u0131z, ba\u015fkan Serdal&#8230;<\/p>\n","protected":false},"author":2,"featured_media":31524,"comment_status":"open","ping_status":"open","sticky":false,"template":"","format":"standard","meta":{"footnotes":""},"categories":[5,7],"tags":[],"class_list":["post-31525","post","type-post","status-publish","format-standard","has-post-thumbnail","hentry","category-son-dakika","category-spor"],"_links":{"self":[{"href":"https:\/\/eskigazeteci.com\/index.php?rest_route=\/wp\/v2\/posts\/31525","targetHints":{"allow":["GET"]}}],"collection":[{"href":"https:\/\/eskigazeteci.com\/index.php?rest_route=\/wp\/v2\/posts"}],"about":[{"href":"https:\/\/eskigazeteci.com\/index.php?rest_route=\/wp\/v2\/types\/post"}],"author":[{"embeddable":true,"href":"https:\/\/eskigazeteci.com\/index.php?rest_route=\/wp\/v2\/users\/2"}],"replies":[{"embeddable":true,"href":"https:\/\/eskigazeteci.com\/index.php?rest_route=%2Fwp%2Fv2%2Fcomments&post=31525"}],"version-history":[{"count":0,"href":"https:\/\/eskigazeteci.com\/index.php?rest_route=\/wp\/v2\/posts\/31525\/revisions"}],"wp:featuredmedia":[{"embeddable":true,"href":"https:\/\/eskigazeteci.com\/index.php?rest_route=\/wp\/v2\/media\/31524"}],"wp:attachment":[{"href":"https:\/\/eskigazeteci.com\/index.php?rest_route=%2Fwp%2Fv2%2Fmedia&parent=31525"}],"wp:term":[{"taxonomy":"category","embeddable":true,"href":"https:\/\/eskigazeteci.com\/index.php?rest_route=%2Fwp%2Fv2%2Fcategories&post=31525"},{"taxonomy":"post_tag","embeddable":true,"href":"https:\/\/eskigazeteci.com\/index.php?rest_route=%2Fwp%2Fv2%2Ftags&post=31525"}],"curies":[{"name":"wp","href":"https:\/\/api.w.org\/{rel}","templated":true}]}}