{"id":31523,"date":"2026-05-01T19:57:18","date_gmt":"2026-05-01T19:57:18","guid":{"rendered":"https:\/\/eskigazeteci.com\/?p=31523"},"modified":"2026-05-01T19:57:18","modified_gmt":"2026-05-01T19:57:18","slug":"toki-sozlesme-tarihi-2026-500-bin-sosyal-konut-projesi","status":"publish","type":"post","link":"https:\/\/eskigazeteci.com\/?p=31523","title":{"rendered":"TOK\u0130 S\u00d6ZLE\u015eME TAR\u0130H\u0130 2026 (500 B\u0130N SOSYAL KONUT PROJES\u0130)"},"content":{"rendered":"<p>TOK\u0130 s\u00f6zle\u015fme ne zaman imzalanacak 2026? sorusu vatanda\u015flar taraf\u0131ndan merak konusu oldu. \u0130stanbul&#x27;daki 100 bin konutluk k\u0131s\u0131m i\u00e7in kura \u00e7ekili\u015fleri, 25-27 Nisan 2026 tarihleri aras\u0131nda Atat\u00fcrk Havaliman\u0131 Millet Bah\u00e7esi&#x27;nde yo\u011fun bir kat\u0131l\u0131mla ger\u00e7ekle\u015ftirildi. Toplu Konut \u0130daresi Ba\u015fkanl\u0131\u011f\u0131 (TOK\u0130) taraf\u0131ndan y\u00fcr\u00fct\u00fclen 500 bin sosyal konut projesi kapsam\u0131nda, \u00f6zellikle \u0130stanbul i\u00e7in merakla beklenen s\u00f6zle\u015fme imzalama ve konut teslimat s\u00fcre\u00e7lerine dair \u00f6nemli bilgiler netle\u015fmeye ba\u015flad\u0131. Hak sahipleri, kura \u00e7ekili\u015flerinin tamamlanmas\u0131n\u0131n ard\u0131ndan s\u00f6zle\u015fme a\u015famas\u0131na ge\u00e7i\u015f i\u00e7in TOK\u0130&#x27;den gelecek duyurular\u0131 yak\u0131ndan takip ediyor. Peki, TOK\u0130 s\u00f6zle\u015fme ne zaman imzalan\u0131r 2026? \u0130stanbul TOK\u0130 500 bin sosyal konut s\u00f6zle\u015fmesi ne zaman imzalanacak? \u0130\u015fte, TOK\u0130 500 bin sosyal konut s\u00f6zle\u015fme imzalama takvimi hakk\u0131nda bilgiler.<\/p>\n<p>Kura \u00e7ekili\u015fleri sonucunda konut almaya hak kazanan vatanda\u015flar i\u00e7in s\u00f6zle\u015fme imzalama s\u00fcreci, TOK\u0130 taraf\u0131ndan belirlenecek ve ilan edilecek tarihlerde ba\u015flayacak. Genellikle kura sonu\u00e7lar\u0131n\u0131n a\u00e7\u0131klanmas\u0131n\u0131 takip eden 1 ila 3 ay i\u00e7erisinde bankalar arac\u0131l\u0131\u011f\u0131yla s\u00f6zle\u015fme imzalama i\u015flemleri ger\u00e7ekle\u015ftirilmektedir. S\u00f6zle\u015fme imzalama a\u015famas\u0131nda, konut bedelinin %10&#x27;u pe\u015finat&#8230;<\/p>\n","protected":false},"excerpt":{"rendered":"<p>TOK\u0130 500 bin sosyal konut s\u00f6zle\u015fme imzalama tarihi 2026, kura \u00e7ekiminin ard\u0131ndan hak sahiplerinin g\u00fcndemine geldi. Y\u00fczy\u0131l\u0131n Konut Projesi kapsam\u0131nda&#8230;<\/p>\n","protected":false},"author":2,"featured_media":31522,"comment_status":"open","ping_status":"open","sticky":false,"template":"","format":"standard","meta":{"footnotes":""},"categories":[6,5],"tags":[],"class_list":["post-31523","post","type-post","status-publish","format-standard","has-post-thumbnail","hentry","category-gundem","category-son-dakika"],"_links":{"self":[{"href":"https:\/\/eskigazeteci.com\/index.php?rest_route=\/wp\/v2\/posts\/31523","targetHints":{"allow":["GET"]}}],"collection":[{"href":"https:\/\/eskigazeteci.com\/index.php?rest_route=\/wp\/v2\/posts"}],"about":[{"href":"https:\/\/eskigazeteci.com\/index.php?rest_route=\/wp\/v2\/types\/post"}],"author":[{"embeddable":true,"href":"https:\/\/eskigazeteci.com\/index.php?rest_route=\/wp\/v2\/users\/2"}],"replies":[{"embeddable":true,"href":"https:\/\/eskigazeteci.com\/index.php?rest_route=%2Fwp%2Fv2%2Fcomments&post=31523"}],"version-history":[{"count":0,"href":"https:\/\/eskigazeteci.com\/index.php?rest_route=\/wp\/v2\/posts\/31523\/revisions"}],"wp:featuredmedia":[{"embeddable":true,"href":"https:\/\/eskigazeteci.com\/index.php?rest_route=\/wp\/v2\/media\/31522"}],"wp:attachment":[{"href":"https:\/\/eskigazeteci.com\/index.php?rest_route=%2Fwp%2Fv2%2Fmedia&parent=31523"}],"wp:term":[{"taxonomy":"category","embeddable":true,"href":"https:\/\/eskigazeteci.com\/index.php?rest_route=%2Fwp%2Fv2%2Fcategories&post=31523"},{"taxonomy":"post_tag","embeddable":true,"href":"https:\/\/eskigazeteci.com\/index.php?rest_route=%2Fwp%2Fv2%2Ftags&post=31523"}],"curies":[{"name":"wp","href":"https:\/\/api.w.org\/{rel}","templated":true}]}}