{"id":31521,"date":"2026-05-01T19:50:21","date_gmt":"2026-05-01T19:50:21","guid":{"rendered":"https:\/\/eskigazeteci.com\/?p=31521"},"modified":"2026-05-01T19:50:21","modified_gmt":"2026-05-01T19:50:21","slug":"ak-parti-genel-baskan-yardimcisi-zorludan-ikamet-harclarina-iliskin-aciklama","status":"publish","type":"post","link":"https:\/\/eskigazeteci.com\/?p=31521","title":{"rendered":"AK Parti Genel Ba\u015fkan Yard\u0131mc\u0131s\u0131 Zorlu&#8217;dan ikamet har\u00e7lar\u0131na ili\u015fkin a\u00e7\u0131klama"},"content":{"rendered":"<p>AK Parti Genel Ba\u015fkan Yard\u0131mc\u0131s\u0131 ve T\u00fcrk Devletleri ile \u0130li\u015fkiler Ba\u015fkan\u0131 K\u00fcr\u015fad Zorlu, sosyal medya hesab\u0131ndan yapt\u0131\u011f\u0131 a\u00e7\u0131klamada, \u015funlar\u0131 kaydetti:<\/p>\n<p>&quot;Baz\u0131 sosyal medya hesaplar\u0131nda benzer payla\u015f\u0131mlar yap\u0131ld\u0131\u011f\u0131 i\u00e7in bu k\u0131sa bilgilendirmeyi yapmak faydal\u0131 olacakt\u0131r. Zira ikamet har\u00e7lar\u0131 konusunda iddia edildi\u011fi gibi b\u00f6yle bir de\u011fi\u015fim ger\u00e7ekle\u015fmemi\u015ftir. Mevcut sistem, halihaz\u0131rdaki \u00fccretler \u00fczerinden devam edecektir. Bu hususta Ba\u015fkanl\u0131\u011f\u0131m\u0131z ve \u0130\u00e7i\u015fleri Bakanl\u0131\u011f\u0131m\u0131z konuyu yak\u0131ndan takip etmektedir. \u00d6zellikle T\u00fcrk d\u00fcnyas\u0131ndan gelen soyda\u015flar\u0131m\u0131z a\u00e7\u0131s\u0131ndan hassasiyetimiz en y\u00fcksek seviyededir.&quot;<\/p>\n<p>T\u00fcrkiye g\u00fcndeminden son dakika haberleri, bug\u00fcn ya\u015fanan en son geli\u015fmeler, siyaset g\u00fcndeminden g\u00fcncel haberler ve b\u00fct\u00fcn son dakika haberleri i\u00e7in H\u00fcrriyet&#x27;in internet haber sitesi hurriyet.com.tr; Hurriyet.com.tr haber i\u00e7erikleri kaynak g\u00f6sterilmeden al\u0131nt\u0131 yap\u0131lamaz, Kanuna ayk\u0131r\u0131 ve izinsiz olarak kopyalanamaz, ba\u015fka yerde yay\u0131nlanamaz.<\/p>\n","protected":false},"excerpt":{"rendered":"<p>AK Parti Genel Ba\u015fkan Yard\u0131mc\u0131s\u0131 ve T\u00fcrk Devletleri ile \u0130li\u015fkiler Ba\u015fkan\u0131 K\u00fcr\u015fad Zorlu, ikamet har\u00e7lar\u0131 konusunda iddia edildi\u011fi gibi bir de\u011fi\u015fim&#8230;<\/p>\n","protected":false},"author":2,"featured_media":31520,"comment_status":"open","ping_status":"open","sticky":false,"template":"","format":"standard","meta":{"footnotes":""},"categories":[6,5],"tags":[],"class_list":["post-31521","post","type-post","status-publish","format-standard","has-post-thumbnail","hentry","category-gundem","category-son-dakika"],"_links":{"self":[{"href":"https:\/\/eskigazeteci.com\/index.php?rest_route=\/wp\/v2\/posts\/31521","targetHints":{"allow":["GET"]}}],"collection":[{"href":"https:\/\/eskigazeteci.com\/index.php?rest_route=\/wp\/v2\/posts"}],"about":[{"href":"https:\/\/eskigazeteci.com\/index.php?rest_route=\/wp\/v2\/types\/post"}],"author":[{"embeddable":true,"href":"https:\/\/eskigazeteci.com\/index.php?rest_route=\/wp\/v2\/users\/2"}],"replies":[{"embeddable":true,"href":"https:\/\/eskigazeteci.com\/index.php?rest_route=%2Fwp%2Fv2%2Fcomments&post=31521"}],"version-history":[{"count":0,"href":"https:\/\/eskigazeteci.com\/index.php?rest_route=\/wp\/v2\/posts\/31521\/revisions"}],"wp:featuredmedia":[{"embeddable":true,"href":"https:\/\/eskigazeteci.com\/index.php?rest_route=\/wp\/v2\/media\/31520"}],"wp:attachment":[{"href":"https:\/\/eskigazeteci.com\/index.php?rest_route=%2Fwp%2Fv2%2Fmedia&parent=31521"}],"wp:term":[{"taxonomy":"category","embeddable":true,"href":"https:\/\/eskigazeteci.com\/index.php?rest_route=%2Fwp%2Fv2%2Fcategories&post=31521"},{"taxonomy":"post_tag","embeddable":true,"href":"https:\/\/eskigazeteci.com\/index.php?rest_route=%2Fwp%2Fv2%2Ftags&post=31521"}],"curies":[{"name":"wp","href":"https:\/\/api.w.org\/{rel}","templated":true}]}}