{"id":31509,"date":"2026-05-01T19:28:47","date_gmt":"2026-05-01T19:28:47","guid":{"rendered":"https:\/\/eskigazeteci.com\/?p=31509"},"modified":"2026-05-01T19:28:47","modified_gmt":"2026-05-01T19:28:47","slug":"recep-ucar-kendimizi-ust-siralara-atmaliyiz","status":"publish","type":"post","link":"https:\/\/eskigazeteci.com\/?p=31509","title":{"rendered":"Recep U\u00e7ar: &#8216;Kendimizi \u00fcst s\u0131ralara atmal\u0131y\u0131z!&#8217;"},"content":{"rendered":"<p>Trendyol S\u00fcper Lig\u2019in 32. haftas\u0131nda \u00c7aykur Rizespor sahas\u0131nda Konyaspor \u2019u 3-2 ma\u011flup etti.<\/p>\n<p>Kar\u015f\u0131la\u015fman\u0131n ard\u0131ndan d\u00fczenlenen bas\u0131n toplant\u0131s\u0131nda a\u00e7\u0131klamalarda bulunan \u00c7aykur Rizespor Teknik Direkt\u00f6r\u00fc Recep U\u00e7ar , &quot;Ma\u00e7\u0131n geneline bakt\u0131\u011f\u0131m\u0131zda asl\u0131nda bizim i\u00e7in \u00e7ok anlaml\u0131, \u00e7ok de\u011ferli ve \u00e7ok \u00f6nemli bir tak\u0131ma kar\u015f\u0131 oynad\u0131k bug\u00fcn. Ma\u00e7\u0131n genelinde asl\u0131nda ilk 30-35 dakikal\u0131k s\u00fcrede belki \u00e7ok fazla \u00fcretemedik ama kendi kalemizde de \u00e7ok fazla pozisyon vermedik, bizim kalecimize de \u00e7ok top gelmedi. Ancak oyunun kontrol\u00fcn\u00fc elimizde tutmaya \u00e7al\u0131\u015ft\u0131\u011f\u0131m\u0131z bir b\u00f6l\u00fcmd\u00fc. Geriye d\u00fc\u015ft\u00fc\u011f\u00fcm\u00fcz anlarda bile vazge\u00e7meyen, sahada karakter koyan bir oyuncu grubu vard\u0131. \u0130yi bir tak\u0131ma kar\u015f\u0131, oyun disiplininden kopmadan m\u00fccadele ederek g\u00fczel bir galibiyet ald\u0131k. Tabii ki eksiklerimiz var, hatalar\u0131m\u0131z var ama kazan\u0131rken bunlar\u0131 d\u00fczeltmek \u00e7ok daha kolay. Bug\u00fcn sahada do\u011frular\u0131 yapan taraf bizdik. Ortaya koydu\u011fumuz bu m\u00fccadele ve \u00f6zellikle kazanma iste\u011fi, gelecek ad\u0131na ger\u00e7ekten \u00e7ok iyi sinyaller veriyor. Bunu daha fazla geli\u015ftirece\u011fiz ve kendimizi daha \u00fcst s\u0131ralara ataca\u011f\u0131z. Bunun i\u00e7in daha fazla antrenman yapmam\u0131z, daha \u00e7ok \u00e7al\u0131\u015fmam\u0131z gerekiyor. \u00d6ncelikli hedefimiz bu alt gruptan kendimizi tamamen&#8230;<\/p>\n","protected":false},"excerpt":{"rendered":"<p>\u00c7aykur Rizespor Teknik Direkt\u00f6r\u00fc Recep U\u00e7ar, Konyaspor ma\u00e7\u0131n\u0131n ard\u0131ndan \u0130yi bir tak\u0131ma kar\u015f\u0131, oyun disiplininden kopmadan m\u00fccadele ederek g\u00fczel bir galibiyet&#8230;<\/p>\n","protected":false},"author":2,"featured_media":31508,"comment_status":"open","ping_status":"open","sticky":false,"template":"","format":"standard","meta":{"footnotes":""},"categories":[5,7],"tags":[],"class_list":["post-31509","post","type-post","status-publish","format-standard","has-post-thumbnail","hentry","category-son-dakika","category-spor"],"_links":{"self":[{"href":"https:\/\/eskigazeteci.com\/index.php?rest_route=\/wp\/v2\/posts\/31509","targetHints":{"allow":["GET"]}}],"collection":[{"href":"https:\/\/eskigazeteci.com\/index.php?rest_route=\/wp\/v2\/posts"}],"about":[{"href":"https:\/\/eskigazeteci.com\/index.php?rest_route=\/wp\/v2\/types\/post"}],"author":[{"embeddable":true,"href":"https:\/\/eskigazeteci.com\/index.php?rest_route=\/wp\/v2\/users\/2"}],"replies":[{"embeddable":true,"href":"https:\/\/eskigazeteci.com\/index.php?rest_route=%2Fwp%2Fv2%2Fcomments&post=31509"}],"version-history":[{"count":0,"href":"https:\/\/eskigazeteci.com\/index.php?rest_route=\/wp\/v2\/posts\/31509\/revisions"}],"wp:featuredmedia":[{"embeddable":true,"href":"https:\/\/eskigazeteci.com\/index.php?rest_route=\/wp\/v2\/media\/31508"}],"wp:attachment":[{"href":"https:\/\/eskigazeteci.com\/index.php?rest_route=%2Fwp%2Fv2%2Fmedia&parent=31509"}],"wp:term":[{"taxonomy":"category","embeddable":true,"href":"https:\/\/eskigazeteci.com\/index.php?rest_route=%2Fwp%2Fv2%2Fcategories&post=31509"},{"taxonomy":"post_tag","embeddable":true,"href":"https:\/\/eskigazeteci.com\/index.php?rest_route=%2Fwp%2Fv2%2Ftags&post=31509"}],"curies":[{"name":"wp","href":"https:\/\/api.w.org\/{rel}","templated":true}]}}