{"id":31507,"date":"2026-05-01T19:27:14","date_gmt":"2026-05-01T19:27:14","guid":{"rendered":"https:\/\/eskigazeteci.com\/?p=31507"},"modified":"2026-05-01T19:27:14","modified_gmt":"2026-05-01T19:27:14","slug":"fenerbahce-basaksehir-macina-hazir","status":"publish","type":"post","link":"https:\/\/eskigazeteci.com\/?p=31507","title":{"rendered":"Fenerbah\u00e7e, Ba\u015fak\u015fehir ma\u00e7\u0131na haz\u0131r!"},"content":{"rendered":"<p>Trendyol S\u00fcper Lig &#x27;in 32. haftas\u0131nda yar\u0131n RAMS Ba\u015fak\u015fehir&#x27;i konuk edecek Fenerbah\u00e7e , haz\u0131rl\u0131klar\u0131n\u0131 tamamlad\u0131.<\/p>\n<p>Sar\u0131-lacivertli kul\u00fcpten yap\u0131lan a\u00e7\u0131klamaya g\u00f6re Fenerbah\u00e7e Can Bartu Tesisleri&#x27;nde ger\u00e7ekle\u015ftirilen antrenman \u0131s\u0131nma, \u00e7abukluk ve koordinasyon hareketleriyle ba\u015flad\u0131.<\/p>\n<p>Pas \u00e7al\u0131\u015fmas\u0131yla devam eden idman, taktiksel ve bireysel organizasyonlarla sona erdi.<\/p>\n<p>Chobani Stad\u0131&#x27;nda oynanacak Fenerbah\u00e7e-RAMS Ba\u015fak\u015fehir kar\u015f\u0131la\u015fmas\u0131, saat 20.00&#x27;de ba\u015flayacak.<\/p>\n<p>T\u00fcrkiye&#x27;den ve D\u00fcnya\u2019dan son dakika haberleri, k\u00f6\u015fe yaz\u0131lar\u0131, magazinden siyasete, spordan seyahate b\u00fct\u00fcn konular\u0131n tek adresi Hurriyet.com.tr haber i\u00e7erikleri izin al\u0131nmadan, kaynak g\u00f6sterilerek dahi iktibas edilemez. Kanuna ayk\u0131r\u0131 ve izinsiz olarak kopyalanamaz, ba\u015fka yerde yay\u0131nlanamaz.<\/p>\n","protected":false},"excerpt":{"rendered":"<p>Fenerbah\u00e7e, Trendyol S\u00fcper Lig&#8217;in 32. haftas\u0131nda yar\u0131n RAMS Ba\u015fak\u015fehir ile oynayaca\u011f\u0131n ma\u00e7\u0131n haz\u0131rl\u0131klar\u0131n\u0131 ak\u015fam saatlerinde yapt\u0131\u011f\u0131 antrenmanla tamamlad\u0131.<\/p>\n","protected":false},"author":2,"featured_media":31506,"comment_status":"open","ping_status":"open","sticky":false,"template":"","format":"standard","meta":{"footnotes":""},"categories":[5,7],"tags":[],"class_list":["post-31507","post","type-post","status-publish","format-standard","has-post-thumbnail","hentry","category-son-dakika","category-spor"],"_links":{"self":[{"href":"https:\/\/eskigazeteci.com\/index.php?rest_route=\/wp\/v2\/posts\/31507","targetHints":{"allow":["GET"]}}],"collection":[{"href":"https:\/\/eskigazeteci.com\/index.php?rest_route=\/wp\/v2\/posts"}],"about":[{"href":"https:\/\/eskigazeteci.com\/index.php?rest_route=\/wp\/v2\/types\/post"}],"author":[{"embeddable":true,"href":"https:\/\/eskigazeteci.com\/index.php?rest_route=\/wp\/v2\/users\/2"}],"replies":[{"embeddable":true,"href":"https:\/\/eskigazeteci.com\/index.php?rest_route=%2Fwp%2Fv2%2Fcomments&post=31507"}],"version-history":[{"count":0,"href":"https:\/\/eskigazeteci.com\/index.php?rest_route=\/wp\/v2\/posts\/31507\/revisions"}],"wp:featuredmedia":[{"embeddable":true,"href":"https:\/\/eskigazeteci.com\/index.php?rest_route=\/wp\/v2\/media\/31506"}],"wp:attachment":[{"href":"https:\/\/eskigazeteci.com\/index.php?rest_route=%2Fwp%2Fv2%2Fmedia&parent=31507"}],"wp:term":[{"taxonomy":"category","embeddable":true,"href":"https:\/\/eskigazeteci.com\/index.php?rest_route=%2Fwp%2Fv2%2Fcategories&post=31507"},{"taxonomy":"post_tag","embeddable":true,"href":"https:\/\/eskigazeteci.com\/index.php?rest_route=%2Fwp%2Fv2%2Ftags&post=31507"}],"curies":[{"name":"wp","href":"https:\/\/api.w.org\/{rel}","templated":true}]}}