{"id":31505,"date":"2026-05-01T19:17:16","date_gmt":"2026-05-01T19:17:16","guid":{"rendered":"https:\/\/eskigazeteci.com\/?p=31505"},"modified":"2026-05-01T19:17:16","modified_gmt":"2026-05-01T19:17:16","slug":"besiktasta-geri-donusun-adi-tiago-djalo","status":"publish","type":"post","link":"https:\/\/eskigazeteci.com\/?p=31505","title":{"rendered":"Be\u015fikta\u015f&#8217;ta geri d\u00f6n\u00fc\u015f\u00fcn ad\u0131: Tiago Djalo!"},"content":{"rendered":"<p>Trendyol S\u00fcper Lig &#x27;in 32. haftas\u0131nda Be\u015fikta\u015f , Gaziantep FK &#x27;y\u0131 deplasmanda 2-0 ma\u011flup etti. Siyah-beyazl\u0131lar\u0131n galibiyetine ise son 2 haftad\u0131r kadroya giremeyen Tiago Djalo damga vurdu.<\/p>\n<p>HEN\u00dcZ 8. DAK\u0130KADA SAHNE ALDI<\/p>\n<p>Kar\u015f\u0131la\u015fmaya h\u0131zl\u0131 ba\u015flayan siyah-beyazl\u0131larda 7. dakikada Asllani, sol kanattan k\u00f6\u015fe vuru\u015fu kulland\u0131. Karada\u011fl\u0131 futbolcunun alt\u0131pas gerisine yapt\u0131\u011f\u0131 orta Djalo&#x27;nun kafa vuru\u015funda a\u011flarla bulu\u015ftu.<\/p>\n<p>SAVUNMA PERFORMANSIYLA DA \u00d6NE \u00c7IKTI<\/p>\n<p>Ge\u00e7ti\u011fimiz hafta ligde Fatih Karag\u00fcmr\u00fck, kupada ise Alanyaspor kar\u015f\u0131la\u015fmalar\u0131nda teknik heyet karar\u0131yla kadro al\u0131nmayan Djalo, savunmada g\u00f6sterdi\u011fi performansla da dikkat \u00e7ekti.<\/p>\n<p>Girdi\u011fi 4 ikili m\u00fccadelenin 3&#x27;\u00fcnden galip ayr\u0131lan 26 ya\u015f\u0131ndaki stoper, engelledi\u011fi 2 \u015futla da sahan\u0131n en iyi ismi oldu. Toplamda 7 uzakla\u015ft\u0131rma, 1 top kapma ve 6 sahipsiz top kazanan Djalo, y\u00fczde 92 isabeti yakalad\u0131.<\/p>\n<p>\u0130\u015fte Djalo&#x27;nun Gaziantep ma\u00e7\u0131 performans\u0131;<\/p>\n<p>Topla bulu\u015fma: 85 Pas: 60\/65 (%92) Uzun pas: 2\/4 Kilit pas: 1 Uzakla\u015ft\u0131rma: 7 Pas aras\u0131: 1 Top kapma: 7 Sahipsiz top kazanma: 6 Engelledi\u011fi \u015fut: 2 \u0130kili m\u00fccadele: 3\/4<\/p>\n<p>2. GOL\u00dcN\u00dc KAYDETT\u0130<\/p>\n<p>Bu sezon 22. kez siyah-beyazl\u0131 formay\u0131 s\u0131rt\u0131na ge\u00e7iren Djalo, ikinci gol\u00fcn\u00fc kaydetti.<\/p>\n<p>Portekizli savunmac\u0131, ilk&#8230;<\/p>\n","protected":false},"excerpt":{"rendered":"<p>Be\u015fikta\u015f&#8217;ta son iki ma\u00e7\u0131n kadrosunda yer almayan ve ge\u00e7ti\u011fimiz hafta sosyal medya hesab\u0131ndan dikkat \u00e7eken bir payla\u015f\u0131mda bulunan Tiago Djalo, ortaya koydu\u011fu&#8230;<\/p>\n","protected":false},"author":2,"featured_media":31504,"comment_status":"open","ping_status":"open","sticky":false,"template":"","format":"standard","meta":{"footnotes":""},"categories":[5,7],"tags":[],"class_list":["post-31505","post","type-post","status-publish","format-standard","has-post-thumbnail","hentry","category-son-dakika","category-spor"],"_links":{"self":[{"href":"https:\/\/eskigazeteci.com\/index.php?rest_route=\/wp\/v2\/posts\/31505","targetHints":{"allow":["GET"]}}],"collection":[{"href":"https:\/\/eskigazeteci.com\/index.php?rest_route=\/wp\/v2\/posts"}],"about":[{"href":"https:\/\/eskigazeteci.com\/index.php?rest_route=\/wp\/v2\/types\/post"}],"author":[{"embeddable":true,"href":"https:\/\/eskigazeteci.com\/index.php?rest_route=\/wp\/v2\/users\/2"}],"replies":[{"embeddable":true,"href":"https:\/\/eskigazeteci.com\/index.php?rest_route=%2Fwp%2Fv2%2Fcomments&post=31505"}],"version-history":[{"count":0,"href":"https:\/\/eskigazeteci.com\/index.php?rest_route=\/wp\/v2\/posts\/31505\/revisions"}],"wp:featuredmedia":[{"embeddable":true,"href":"https:\/\/eskigazeteci.com\/index.php?rest_route=\/wp\/v2\/media\/31504"}],"wp:attachment":[{"href":"https:\/\/eskigazeteci.com\/index.php?rest_route=%2Fwp%2Fv2%2Fmedia&parent=31505"}],"wp:term":[{"taxonomy":"category","embeddable":true,"href":"https:\/\/eskigazeteci.com\/index.php?rest_route=%2Fwp%2Fv2%2Fcategories&post=31505"},{"taxonomy":"post_tag","embeddable":true,"href":"https:\/\/eskigazeteci.com\/index.php?rest_route=%2Fwp%2Fv2%2Ftags&post=31505"}],"curies":[{"name":"wp","href":"https:\/\/api.w.org\/{rel}","templated":true}]}}