{"id":31501,"date":"2026-05-01T18:58:44","date_gmt":"2026-05-01T18:58:44","guid":{"rendered":"https:\/\/eskigazeteci.com\/?p=31501"},"modified":"2026-05-01T18:58:44","modified_gmt":"2026-05-01T18:58:44","slug":"kuresel-sumud-filosu-aktivistlerini-tasiyan-ucak-istanbulda","status":"publish","type":"post","link":"https:\/\/eskigazeteci.com\/?p=31501","title":{"rendered":"K\u00fcresel Sumud Filosu aktivistlerini ta\u015f\u0131yan u\u00e7ak \u0130stanbul&#8217;da"},"content":{"rendered":"<p>U\u00e7akta, T\u00fcrk vatanda\u015flar\u0131n\u0131n yan\u0131 s\u0131ra ABD, Arjantin, Avustralya, Bahreyn, \u0130ngiltere, Brezilya, Hollanda, \u0130spanya, \u0130talya, Malezya, Meksika, Pakistan, \u015eili ve Yeni Zelanda\u2019dan filo kat\u0131l\u0131mc\u0131lar\u0131 da dahil olmak \u00fczere toplam 59 ki\u015fi bulunuyor.<\/p>\n<p>Yunanistan D\u0131\u015fi\u015fleri Bakanl\u0131\u011f\u0131n\u0131n yapt\u0131\u011f\u0131 a\u00e7\u0131klamaya g\u00f6re ise 31 yaral\u0131 aktivist, ilk yard\u0131m tedavisi i\u00e7in Ada\u2019daki Sitia Hastanesi&#x27;ne g\u00f6t\u00fcr\u00fcld\u00fc.<\/p>\n<p>\ufffd \u2060K \u00dcRESEL SUMUD F\u0130LOSU<\/p>\n<p>\u0130srail&#x27;in Gazze ablukas\u0131n\u0131 k\u0131rma ve ya\u015famsal insani yard\u0131m ula\u015ft\u0131rmay\u0131 ama\u00e7layan K\u00fcresel Sumud Filosu 2026 Bahar Misyonu, 12 Nisan&#x27;da \u0130spanya&#x27;n\u0131n Barselona kentinden Akdeniz\u2019e a\u00e7\u0131ld\u0131.<\/p>\n<p>\u0130talya&#x27;n\u0131n Sicilya Adas\u0131&#x27;ndaki kat\u0131l\u0131mlarla filo, 39 farkl\u0131 \u00fclkeden aralar\u0131nda T\u00fcrklerin de bulundu\u011fu 345 kat\u0131l\u0131mc\u0131yla 26 Nisan&#x27;da yeniden yola koyuldu.<\/p>\n<p>\u0130srail ordusu, 29 Nisan gece saatlerinde Girit Adas\u0131 a\u00e7\u0131klar\u0131ndaki uluslararas\u0131 sularda hukuk d\u0131\u015f\u0131 m\u00fcdahalede bulunarak, aktivistleri ta\u015f\u0131yan teknelere sald\u0131rd\u0131.<\/p>\n<p>Gazze\u2019ye 600 deniz mili uzakl\u0131kta, Yunan kara sular\u0131ndan birka\u00e7 mil a\u00e7\u0131kta d\u00fczenlenen sald\u0131r\u0131da, \u0130srail ordusu 175 aktivisti al\u0131koyup k\u00f6t\u00fc muamelede bulundu.<\/p>\n<p>\u0130srail ordusu, Yunan kara sular\u0131na d\u00f6nen bir grup tekne d\u0131\u015f\u0131nda, di\u011fer teknelere de zarar verip yolculuk edilemeyecek hale&#8230;<\/p>\n","protected":false},"excerpt":{"rendered":"<p>\u0130srail ordusu taraf\u0131ndan Akdeniz&#8217;deki uluslararas\u0131 sularda al\u0131konulan K\u00fcresel Sumud Filosu aktivistlerini Girit&#8217;ten T\u00fcrkiye&#8217;ye getiren u\u00e7ak \u0130stanbul&#8230;<\/p>\n","protected":false},"author":2,"featured_media":31500,"comment_status":"open","ping_status":"open","sticky":false,"template":"","format":"standard","meta":{"footnotes":""},"categories":[6,5],"tags":[],"class_list":["post-31501","post","type-post","status-publish","format-standard","has-post-thumbnail","hentry","category-gundem","category-son-dakika"],"_links":{"self":[{"href":"https:\/\/eskigazeteci.com\/index.php?rest_route=\/wp\/v2\/posts\/31501","targetHints":{"allow":["GET"]}}],"collection":[{"href":"https:\/\/eskigazeteci.com\/index.php?rest_route=\/wp\/v2\/posts"}],"about":[{"href":"https:\/\/eskigazeteci.com\/index.php?rest_route=\/wp\/v2\/types\/post"}],"author":[{"embeddable":true,"href":"https:\/\/eskigazeteci.com\/index.php?rest_route=\/wp\/v2\/users\/2"}],"replies":[{"embeddable":true,"href":"https:\/\/eskigazeteci.com\/index.php?rest_route=%2Fwp%2Fv2%2Fcomments&post=31501"}],"version-history":[{"count":0,"href":"https:\/\/eskigazeteci.com\/index.php?rest_route=\/wp\/v2\/posts\/31501\/revisions"}],"wp:featuredmedia":[{"embeddable":true,"href":"https:\/\/eskigazeteci.com\/index.php?rest_route=\/wp\/v2\/media\/31500"}],"wp:attachment":[{"href":"https:\/\/eskigazeteci.com\/index.php?rest_route=%2Fwp%2Fv2%2Fmedia&parent=31501"}],"wp:term":[{"taxonomy":"category","embeddable":true,"href":"https:\/\/eskigazeteci.com\/index.php?rest_route=%2Fwp%2Fv2%2Fcategories&post=31501"},{"taxonomy":"post_tag","embeddable":true,"href":"https:\/\/eskigazeteci.com\/index.php?rest_route=%2Fwp%2Fv2%2Ftags&post=31501"}],"curies":[{"name":"wp","href":"https:\/\/api.w.org\/{rel}","templated":true}]}}