{"id":31499,"date":"2026-05-01T18:57:12","date_gmt":"2026-05-01T18:57:12","guid":{"rendered":"https:\/\/eskigazeteci.com\/?p=31499"},"modified":"2026-05-01T18:57:12","modified_gmt":"2026-05-01T18:57:12","slug":"gaziantep-fk-0-2","status":"publish","type":"post","link":"https:\/\/eskigazeteci.com\/?p=31499","title":{"rendered":"Gaziantep FK 0"},"content":{"rendered":"<p>S\u00fcper Lig &#x27;in 32. haftas\u0131nda Gaziantep FK ile Be\u015fikta\u015f kozlar\u0131n\u0131 payla\u015ft\u0131.<\/p>\n<p>Gaziantep&#x27;te oynana m\u00fccadeleyi Be\u015fikta\u015f 2-0 kazand\u0131.<\/p>\n<p>Siyah-beyazl\u0131lar, hen\u00fcz 8. dakikada Djalo&#x27;nun att\u0131\u011f\u0131 golle \u00f6ne ge\u00e7ti.<\/p>\n<p>Asllani, 22. dakikada penalt\u0131dan kaydetti\u011fi golle fark\u0131 2&#x27;ye \u00e7\u0131kard\u0131.<\/p>\n<p>Kar\u015f\u0131la\u015fman\u0131n ikinci yar\u0131s\u0131ndan gol sesi \u00e7\u0131kmad\u0131 ve Be\u015fikta\u015f sahadan galibiyetle ayr\u0131ld\u0131.<\/p>\n<p>Bu sonu\u00e7la birlikte siyah-beyazl\u0131lar, 2 ma\u00e7 sonra kazand\u0131 ve puan\u0131n\u0131 59 yapt\u0131. Gaziantep FK ise 37 puanda kald\u0131.<\/p>\n<p>Sergen Yal\u00e7\u0131n&#x27;\u0131n \u00f6\u011frenciler, ligde gelecek hafta Trabzonspor&#x27;u a\u011f\u0131rlayacak. Gaziantep ekibi, G\u00f6ztepe deplasman\u0131na gidecek.<\/p>\n<p>MA\u00c7TAN DAK\u0130KALAR<\/p>\n<p>4. dakikada kapt\u0131\u011f\u0131 topla rakip ceza yay\u0131na kadar ilerleyen Camara&#x27;n\u0131n sert \u015futunda me\u015fin yuvarlak savunmaya \u00e7arparak kornere \u00e7\u0131kt\u0131.<\/p>\n<p>7. dakikada Asllani&#x27;nin sol kanattan kulland\u0131\u011f\u0131 k\u00f6\u015fe at\u0131\u015f\u0131nda alt\u0131pas gerisinde Djalo&#x27;nun kafa vuru\u015funda top sol k\u00f6\u015feden a\u011flarla bulu\u015ftu. 0-1<\/p>\n<p>15. dakikada ceza sahas\u0131 d\u0131\u015f\u0131 sa\u011f \u00e7apraz\u0131nda topla bulu\u015fan Camara&#x27;n\u0131n \u015futunda me\u015fin yuvarlak yandan d\u0131\u015far\u0131 \u00e7\u0131kt\u0131.<\/p>\n<p>21. dakikada Cengiz&#x27;in ara pas\u0131yla savunma arkas\u0131nda sarkan Jota Silva&#x27;n\u0131n Zafer&#x27;in m\u00fcdahalesiyle yerde kalmas\u0131n\u0131n ard\u0131ndan hakem penalt\u0131 noktas\u0131n\u0131 g\u00f6sterdi.<\/p>\n<p>22. dakikada penalt\u0131 at\u0131\u015f\u0131n\u0131&#8230;<\/p>\n","protected":false},"excerpt":{"rendered":"<p>Be\u015fikta\u015f, S\u00fcper Lig 32. hafta ma\u00e7\u0131nda Gaziantep FK&#8217;y\u0131 deplasmanda 2-0 ma\u011flup etti.<\/p>\n","protected":false},"author":2,"featured_media":31498,"comment_status":"open","ping_status":"open","sticky":false,"template":"","format":"standard","meta":{"footnotes":""},"categories":[5,7],"tags":[],"class_list":["post-31499","post","type-post","status-publish","format-standard","has-post-thumbnail","hentry","category-son-dakika","category-spor"],"_links":{"self":[{"href":"https:\/\/eskigazeteci.com\/index.php?rest_route=\/wp\/v2\/posts\/31499","targetHints":{"allow":["GET"]}}],"collection":[{"href":"https:\/\/eskigazeteci.com\/index.php?rest_route=\/wp\/v2\/posts"}],"about":[{"href":"https:\/\/eskigazeteci.com\/index.php?rest_route=\/wp\/v2\/types\/post"}],"author":[{"embeddable":true,"href":"https:\/\/eskigazeteci.com\/index.php?rest_route=\/wp\/v2\/users\/2"}],"replies":[{"embeddable":true,"href":"https:\/\/eskigazeteci.com\/index.php?rest_route=%2Fwp%2Fv2%2Fcomments&post=31499"}],"version-history":[{"count":0,"href":"https:\/\/eskigazeteci.com\/index.php?rest_route=\/wp\/v2\/posts\/31499\/revisions"}],"wp:featuredmedia":[{"embeddable":true,"href":"https:\/\/eskigazeteci.com\/index.php?rest_route=\/wp\/v2\/media\/31498"}],"wp:attachment":[{"href":"https:\/\/eskigazeteci.com\/index.php?rest_route=%2Fwp%2Fv2%2Fmedia&parent=31499"}],"wp:term":[{"taxonomy":"category","embeddable":true,"href":"https:\/\/eskigazeteci.com\/index.php?rest_route=%2Fwp%2Fv2%2Fcategories&post=31499"},{"taxonomy":"post_tag","embeddable":true,"href":"https:\/\/eskigazeteci.com\/index.php?rest_route=%2Fwp%2Fv2%2Ftags&post=31499"}],"curies":[{"name":"wp","href":"https:\/\/api.w.org\/{rel}","templated":true}]}}