{"id":31497,"date":"2026-05-01T18:27:14","date_gmt":"2026-05-01T18:27:14","guid":{"rendered":"https:\/\/eskigazeteci.com\/?p=31497"},"modified":"2026-05-01T18:27:14","modified_gmt":"2026-05-01T18:27:14","slug":"arazi-anlasmazligi-kanli-bitti-iki-kardesini-oldurdu","status":"publish","type":"post","link":"https:\/\/eskigazeteci.com\/?p=31497","title":{"rendered":"Arazi anla\u015fmazl\u0131\u011f\u0131 kanl\u0131 bitti\u2026 \u0130ki karde\u015fini \u00f6ld\u00fcrd\u00fc"},"content":{"rendered":"<p>Olay, ak\u015fam saatlerinde il\u00e7eye ba\u011fl\u0131 Cibin\u00f6ren Mahallesi\u2019nde meydana geldi. \u0130ddiaya g\u00f6re, arazi anla\u015fmazl\u0131\u011f\u0131 nedeniyle Ahmet K\u0131l\u0131\u00e7 ile \u00fcvey karde\u015fleri Hamza ve Sabri K\u0131l\u0131\u00e7 aras\u0131nda tart\u0131\u015fma \u00e7\u0131kt\u0131. Tart\u0131\u015fma s\u0131ras\u0131nda Ahmet K\u0131l\u0131\u00e7, tabanca ile \u00fcvey karde\u015flerine ate\u015f a\u00e7t\u0131. Kur\u015funlar\u0131n isabet etti\u011fi Hamza ve Sabri K\u0131l\u0131\u00e7 karde\u015fler, a\u011f\u0131r yaraland\u0131.<\/p>\n<p>\u00c7evredekilerin ihbar\u0131 \u00fczerine olay yerine sa\u011fl\u0131k ve jandarma ekipleri sevk edildi. Ambulans ile Birecik Devlet Hastanesi\u2019ne kald\u0131r\u0131lan K\u0131l\u0131\u00e7 karde\u015fler, doktorlar\u0131n m\u00fcdahalesine ra\u011fmen kurtar\u0131lamad\u0131. \u0130ki karde\u015fin cans\u0131z bedeni, otopsi i\u015flemleri i\u00e7in hastanenin morguna kald\u0131r\u0131ld\u0131. Olay\u0131n ard\u0131ndan ka\u00e7an Ahmet K\u0131l\u0131\u00e7, JASAT ekiplerinin \u00e7al\u0131\u015fmas\u0131 sonucu \u015eanl\u0131urfa \u2013Gaziantep Otoyolu&#x27;nda yakalanarak g\u00f6zalt\u0131na al\u0131nd\u0131.<\/p>\n<p>Olayla ilgili soru\u015fturma devam ediyor.<\/p>\n<p>T\u00fcrkiye g\u00fcndeminden son dakika haberleri, bug\u00fcn ya\u015fanan en son geli\u015fmeler, siyaset g\u00fcndeminden g\u00fcncel haberler ve b\u00fct\u00fcn son dakika haberleri i\u00e7in H\u00fcrriyet&#x27;in internet haber sitesi hurriyet.com.tr; Hurriyet.com.tr haber i\u00e7erikleri kaynak g\u00f6sterilmeden al\u0131nt\u0131 yap\u0131lamaz, Kanuna ayk\u0131r\u0131 ve izinsiz olarak kopyalanamaz, ba\u015fka yerde yay\u0131nlanamaz.<\/p>\n","protected":false},"excerpt":{"rendered":"<p>\u015eANLIURFA\u2019n\u0131n Birecik \u0130l\u00e7esi&#8217;nde Ahmet K\u0131l\u0131\u00e7 (47), arazi anla\u015fmazl\u0131\u011f\u0131 nedeniyle tart\u0131\u015ft\u0131\u011f\u0131 \u00fcvey karde\u015fleri Hamza K\u0131l\u0131\u00e7 (30) ile Sabri K\u0131l\u0131\u00e7&#8217;\u0131 (43) tabanca&#8230;<\/p>\n","protected":false},"author":2,"featured_media":31496,"comment_status":"open","ping_status":"open","sticky":false,"template":"","format":"standard","meta":{"footnotes":""},"categories":[6,5],"tags":[],"class_list":["post-31497","post","type-post","status-publish","format-standard","has-post-thumbnail","hentry","category-gundem","category-son-dakika"],"_links":{"self":[{"href":"https:\/\/eskigazeteci.com\/index.php?rest_route=\/wp\/v2\/posts\/31497","targetHints":{"allow":["GET"]}}],"collection":[{"href":"https:\/\/eskigazeteci.com\/index.php?rest_route=\/wp\/v2\/posts"}],"about":[{"href":"https:\/\/eskigazeteci.com\/index.php?rest_route=\/wp\/v2\/types\/post"}],"author":[{"embeddable":true,"href":"https:\/\/eskigazeteci.com\/index.php?rest_route=\/wp\/v2\/users\/2"}],"replies":[{"embeddable":true,"href":"https:\/\/eskigazeteci.com\/index.php?rest_route=%2Fwp%2Fv2%2Fcomments&post=31497"}],"version-history":[{"count":0,"href":"https:\/\/eskigazeteci.com\/index.php?rest_route=\/wp\/v2\/posts\/31497\/revisions"}],"wp:featuredmedia":[{"embeddable":true,"href":"https:\/\/eskigazeteci.com\/index.php?rest_route=\/wp\/v2\/media\/31496"}],"wp:attachment":[{"href":"https:\/\/eskigazeteci.com\/index.php?rest_route=%2Fwp%2Fv2%2Fmedia&parent=31497"}],"wp:term":[{"taxonomy":"category","embeddable":true,"href":"https:\/\/eskigazeteci.com\/index.php?rest_route=%2Fwp%2Fv2%2Fcategories&post=31497"},{"taxonomy":"post_tag","embeddable":true,"href":"https:\/\/eskigazeteci.com\/index.php?rest_route=%2Fwp%2Fv2%2Ftags&post=31497"}],"curies":[{"name":"wp","href":"https:\/\/api.w.org\/{rel}","templated":true}]}}