{"id":31495,"date":"2026-05-01T18:17:10","date_gmt":"2026-05-01T18:17:10","guid":{"rendered":"https:\/\/eskigazeteci.com\/?p=31495"},"modified":"2026-05-01T18:17:10","modified_gmt":"2026-05-01T18:17:10","slug":"seyir-halindeyken-bogazina-cisim-kacti-moto-kuryeyi-polislerin-heimlich-manevrasi-kurtardi","status":"publish","type":"post","link":"https:\/\/eskigazeteci.com\/?p=31495","title":{"rendered":"Seyir halindeyken bo\u011faz\u0131na cisim ka\u00e7t\u0131\u2026 Moto kuryeyi polislerin \u2018heimlich\u2019 manevras\u0131 kurtard\u0131"},"content":{"rendered":"<p>Kentte, bir moto kuryenin trafikte seyir halindeyken nefes borusuna bir cisim ka\u00e7t\u0131. Bu s\u0131rada, 1 May\u0131s Emek ve Dayan\u0131\u015fma G\u00fcn\u00fc nedeniyle Cumhuriyet Meydan\u0131&#x27;nda bir kav\u015fakta g\u00f6rev yapan trafik polislerini g\u00f6ren moto kurye , polis ekiplerinden i\u015faret dili ile yard\u0131m istedi. Kav\u015fakta g\u00f6rev yapan polis ekipleri taraf\u0131ndan \u2018heimlich\u2019 manevras\u0131 ile moto kuryenin soluk borusuna ka\u00e7an cisim \u00e7\u0131kar\u0131ld\u0131. O anlar ise g\u00fcvenlik kameras\u0131 taraf\u0131ndan kaydedildi.<\/p>\n<p>G\u00f6r\u00fcnt\u00fclerde, moto kuryenin seyir halinde oldu\u011fu yolda ara\u00e7lar\u0131n k\u0131rm\u0131z\u0131 \u0131\u015f\u0131kta bekledi\u011fi, bu s\u0131rada moto kuryenin kav\u015fakta g\u00f6revli polis ekiplerinin yan\u0131na gelerek, i\u015faret dili ile kendini anlatmaya \u00e7al\u0131\u015ft\u0131\u011f\u0131 g\u00f6r\u00fcld\u00fc. Kamera kayd\u0131nda ayr\u0131ca, moto kuryenin bo\u011faz\u0131na cisim ka\u00e7t\u0131\u011f\u0131n\u0131 fark eden polis ekiplerinin de h\u0131zla m\u00fcdahale ederek, \u2018heimlich\u2019 manevras\u0131 yapt\u0131klar\u0131 anlar yer ald\u0131. \u0130l Emniyet M\u00fcd\u00fcrl\u00fc\u011f\u00fc\u2019nden yap\u0131lan a\u00e7\u0131klamada ise, \u201cVatanda\u015f\u0131m\u0131za ge\u00e7mi\u015f olsun dileklerimizi iletiyor, sa\u011fl\u0131kl\u0131 uzun \u00f6m\u00fcrler diliyoruz\u201d denildi.<\/p>\n<p>T\u00fcrkiye g\u00fcndeminden son dakika haberleri, bug\u00fcn ya\u015fanan en son geli\u015fmeler, siyaset g\u00fcndeminden g\u00fcncel haberler ve b\u00fct\u00fcn son dakika haberleri i\u00e7in H\u00fcrriyet&#x27;in internet haber sitesi hurriyet.com.tr; Hurriyet.com.tr haber&#8230;<\/p>\n","protected":false},"excerpt":{"rendered":"<p>KAYSER\u0130\u2019de trafikte seyir halindeyken nefes borusuna cisim ka\u00e7an bir moto kurye, cadde \u00fczerinde g\u00f6rev yapan polis ekiplerinin \u2018heimlich\u2019 manevras\u0131 ile&#8230;<\/p>\n","protected":false},"author":2,"featured_media":31494,"comment_status":"open","ping_status":"open","sticky":false,"template":"","format":"standard","meta":{"footnotes":""},"categories":[6,5],"tags":[],"class_list":["post-31495","post","type-post","status-publish","format-standard","has-post-thumbnail","hentry","category-gundem","category-son-dakika"],"_links":{"self":[{"href":"https:\/\/eskigazeteci.com\/index.php?rest_route=\/wp\/v2\/posts\/31495","targetHints":{"allow":["GET"]}}],"collection":[{"href":"https:\/\/eskigazeteci.com\/index.php?rest_route=\/wp\/v2\/posts"}],"about":[{"href":"https:\/\/eskigazeteci.com\/index.php?rest_route=\/wp\/v2\/types\/post"}],"author":[{"embeddable":true,"href":"https:\/\/eskigazeteci.com\/index.php?rest_route=\/wp\/v2\/users\/2"}],"replies":[{"embeddable":true,"href":"https:\/\/eskigazeteci.com\/index.php?rest_route=%2Fwp%2Fv2%2Fcomments&post=31495"}],"version-history":[{"count":0,"href":"https:\/\/eskigazeteci.com\/index.php?rest_route=\/wp\/v2\/posts\/31495\/revisions"}],"wp:featuredmedia":[{"embeddable":true,"href":"https:\/\/eskigazeteci.com\/index.php?rest_route=\/wp\/v2\/media\/31494"}],"wp:attachment":[{"href":"https:\/\/eskigazeteci.com\/index.php?rest_route=%2Fwp%2Fv2%2Fmedia&parent=31495"}],"wp:term":[{"taxonomy":"category","embeddable":true,"href":"https:\/\/eskigazeteci.com\/index.php?rest_route=%2Fwp%2Fv2%2Fcategories&post=31495"},{"taxonomy":"post_tag","embeddable":true,"href":"https:\/\/eskigazeteci.com\/index.php?rest_route=%2Fwp%2Fv2%2Ftags&post=31495"}],"curies":[{"name":"wp","href":"https:\/\/api.w.org\/{rel}","templated":true}]}}