{"id":31493,"date":"2026-05-01T18:07:09","date_gmt":"2026-05-01T18:07:09","guid":{"rendered":"https:\/\/eskigazeteci.com\/?p=31493"},"modified":"2026-05-01T18:07:09","modified_gmt":"2026-05-01T18:07:09","slug":"alucra-belediye-baskani-demirag-kalp-krizi-gecirdi","status":"publish","type":"post","link":"https:\/\/eskigazeteci.com\/?p=31493","title":{"rendered":"Alucra Belediye Ba\u015fkan\u0131 Demira\u011f kalp krizi ge\u00e7irdi"},"content":{"rendered":"<p>Alucra Belediyesinin sosyal medya hesab\u0131ndan yap\u0131lan a\u00e7\u0131klamada, Demira\u011f&#x27;\u0131n \u0130stanbul&#x27;da d\u00fczenlenen 18. Giresun G\u00fcnleri etkinli\u011fine kat\u0131lmak \u00fczere Ordu-G\u0130resun Havaliman\u0131&#x27;na gitti\u011fi esnada Dereli il\u00e7esinde kalp krizi ge\u00e7irdi\u011fi ifade edildi.<\/p>\n<p>Giresun E\u011fitim ve Ara\u015ft\u0131rma Hastanesi&#x27;nde tedavi alt\u0131na al\u0131nan Demira\u011f&#x27;a, anjiyografi i\u015flemi ger\u00e7ekle\u015ftirildi\u011fi aktar\u0131lan a\u00e7\u0131klamada, &quot;Yap\u0131lan m\u00fcdahalenin ard\u0131ndan yo\u011fun bak\u0131ma al\u0131narak tedavisine devam edilen ba\u015fkan\u0131m\u0131z\u0131n sa\u011fl\u0131k durumunun iyi oldu\u011funu memnuniyetle \u00f6\u011frenmi\u015f bulunuyoruz. S\u00fcreci yak\u0131ndan takip ediyor, en k\u0131sa s\u00fcrede sa\u011fl\u0131\u011f\u0131na kavu\u015fmas\u0131n\u0131 temenni ediyoruz.&quot; denildi.<\/p>\n<p>T\u00fcrkiye g\u00fcndeminden son dakika haberleri, bug\u00fcn ya\u015fanan en son geli\u015fmeler, siyaset g\u00fcndeminden g\u00fcncel haberler ve b\u00fct\u00fcn son dakika haberleri i\u00e7in H\u00fcrriyet&#x27;in internet haber sitesi hurriyet.com.tr; Hurriyet.com.tr haber i\u00e7erikleri kaynak g\u00f6sterilmeden al\u0131nt\u0131 yap\u0131lamaz, Kanuna ayk\u0131r\u0131 ve izinsiz olarak kopyalanamaz, ba\u015fka yerde yay\u0131nlanamaz.<\/p>\n","protected":false},"excerpt":{"rendered":"<p>Giresun&#8217;un Alucra Belediye Ba\u015fkan\u0131 Faruk Demira\u011f, ge\u00e7irdi\u011fi kalp krizi nedeniyle hastanede tedavi alt\u0131na al\u0131nd\u0131\u011f\u0131, sa\u011fl\u0131k durumunun iyi oldu\u011fu belirtildi.<\/p>\n","protected":false},"author":2,"featured_media":31492,"comment_status":"open","ping_status":"open","sticky":false,"template":"","format":"standard","meta":{"footnotes":""},"categories":[6,5],"tags":[],"class_list":["post-31493","post","type-post","status-publish","format-standard","has-post-thumbnail","hentry","category-gundem","category-son-dakika"],"_links":{"self":[{"href":"https:\/\/eskigazeteci.com\/index.php?rest_route=\/wp\/v2\/posts\/31493","targetHints":{"allow":["GET"]}}],"collection":[{"href":"https:\/\/eskigazeteci.com\/index.php?rest_route=\/wp\/v2\/posts"}],"about":[{"href":"https:\/\/eskigazeteci.com\/index.php?rest_route=\/wp\/v2\/types\/post"}],"author":[{"embeddable":true,"href":"https:\/\/eskigazeteci.com\/index.php?rest_route=\/wp\/v2\/users\/2"}],"replies":[{"embeddable":true,"href":"https:\/\/eskigazeteci.com\/index.php?rest_route=%2Fwp%2Fv2%2Fcomments&post=31493"}],"version-history":[{"count":0,"href":"https:\/\/eskigazeteci.com\/index.php?rest_route=\/wp\/v2\/posts\/31493\/revisions"}],"wp:featuredmedia":[{"embeddable":true,"href":"https:\/\/eskigazeteci.com\/index.php?rest_route=\/wp\/v2\/media\/31492"}],"wp:attachment":[{"href":"https:\/\/eskigazeteci.com\/index.php?rest_route=%2Fwp%2Fv2%2Fmedia&parent=31493"}],"wp:term":[{"taxonomy":"category","embeddable":true,"href":"https:\/\/eskigazeteci.com\/index.php?rest_route=%2Fwp%2Fv2%2Fcategories&post=31493"},{"taxonomy":"post_tag","embeddable":true,"href":"https:\/\/eskigazeteci.com\/index.php?rest_route=%2Fwp%2Fv2%2Ftags&post=31493"}],"curies":[{"name":"wp","href":"https:\/\/api.w.org\/{rel}","templated":true}]}}