{"id":31491,"date":"2026-05-01T17:57:06","date_gmt":"2026-05-01T17:57:06","guid":{"rendered":"https:\/\/eskigazeteci.com\/?p=31491"},"modified":"2026-05-01T17:57:06","modified_gmt":"2026-05-01T17:57:06","slug":"trump-cnn-turke-konustu-abluka-inanilmaz-cok-guclu","status":"publish","type":"post","link":"https:\/\/eskigazeteci.com\/?p=31491","title":{"rendered":"Trump CNN T\u00fcrk&#8217;e konu\u015ftu: Abluka inan\u0131lmaz, \u00e7ok g\u00fc\u00e7l\u00fc"},"content":{"rendered":"<p>CNN T\u00fcrk ABD Temsilcisi Yunus Paksoy, ABD&#x27;nin \u0130ran&#x27;a y\u00f6nelik ablukas\u0131na dair ABD Ba\u015fkan\u0131 Donald Trump&#x27;a sorular sordu.<\/p>\n<p>Paksoy, &quot;G\u00f6r\u00fcn\u00fc\u015fe g\u00f6re ablukadan memnunsunuz ve sava\u015f\u0131 yeniden ba\u015flatman\u0131za ya da bir anla\u015fma yapman\u0131za gerek yok gibi g\u00f6r\u00fcn\u00fcyor. Bu do\u011fru mu? Ablukadan memnun musunuz?&quot; diye sordu.<\/p>\n<p>Ablukan\u0131n \u00e7ok g\u00fc\u00e7l\u00fc oldu\u011funu belirten Trump &quot;Abluka inan\u0131lmaz, \u00e7ok g\u00fc\u00e7l\u00fc. Y\u00fczde 100, asl\u0131nda inan\u0131lmaz oldu. \u015eu an ayr\u0131lsak b\u00fcy\u00fck bir zafer kazanm\u0131\u015f olurduk ama bunu yapm\u0131yoruz.&quot;<\/p>\n<p>&quot;Yani ba\u015fka bir \u015fey yapman\u0131za gerek yok mu?&quot; sorusuna ise \u015f\u00f6yle cevap verdi:<\/p>\n<p>&quot; \u0130ran \u2019\u0131n liderli\u011fi birbirinden inan\u0131lmaz derecede kopuk ama m\u00fczakere ediyoruz.&quot;<\/p>\n<p>Yurtd\u0131\u015f\u0131nda ya\u015fanan en son olaylar, d\u00fcnya g\u00fcndemine oturan d\u0131\u015f haberler, son dakika d\u00fcnya haberleri, di\u011fer d\u00fcnya \u00fclkelerinden g\u00fcncel haberler i\u00e7in T\u00fcrkiye&#x27;nin haber sitesi hurriyet.com.tr; Hurriyet.com.tr haber i\u00e7erikleri kaynak g\u00f6sterilmeden al\u0131nt\u0131 yap\u0131lamaz, Kanuna ayk\u0131r\u0131 ve izinsiz olarak kopyalanamaz, ba\u015fka yerde yay\u0131nlanamaz.<\/p>\n","protected":false},"excerpt":{"rendered":"<p>ABD Ba\u015fkan\u0131 Donald Trump, CNN T\u00fcrk ABD Temsilcisi Yunus Paksoy&#8217;un sorular\u0131n\u0131 cevaplad\u0131. Trump, \u0130ran&#8217;a y\u00f6nelik ablukan\u0131n \u00e7ok g\u00fc\u00e7l\u00fc oldu\u011funa dikkat \u00e7ekerek \u015eu&#8230;<\/p>\n","protected":false},"author":2,"featured_media":31490,"comment_status":"open","ping_status":"open","sticky":false,"template":"","format":"standard","meta":{"footnotes":""},"categories":[6,5],"tags":[],"class_list":["post-31491","post","type-post","status-publish","format-standard","has-post-thumbnail","hentry","category-gundem","category-son-dakika"],"_links":{"self":[{"href":"https:\/\/eskigazeteci.com\/index.php?rest_route=\/wp\/v2\/posts\/31491","targetHints":{"allow":["GET"]}}],"collection":[{"href":"https:\/\/eskigazeteci.com\/index.php?rest_route=\/wp\/v2\/posts"}],"about":[{"href":"https:\/\/eskigazeteci.com\/index.php?rest_route=\/wp\/v2\/types\/post"}],"author":[{"embeddable":true,"href":"https:\/\/eskigazeteci.com\/index.php?rest_route=\/wp\/v2\/users\/2"}],"replies":[{"embeddable":true,"href":"https:\/\/eskigazeteci.com\/index.php?rest_route=%2Fwp%2Fv2%2Fcomments&post=31491"}],"version-history":[{"count":0,"href":"https:\/\/eskigazeteci.com\/index.php?rest_route=\/wp\/v2\/posts\/31491\/revisions"}],"wp:featuredmedia":[{"embeddable":true,"href":"https:\/\/eskigazeteci.com\/index.php?rest_route=\/wp\/v2\/media\/31490"}],"wp:attachment":[{"href":"https:\/\/eskigazeteci.com\/index.php?rest_route=%2Fwp%2Fv2%2Fmedia&parent=31491"}],"wp:term":[{"taxonomy":"category","embeddable":true,"href":"https:\/\/eskigazeteci.com\/index.php?rest_route=%2Fwp%2Fv2%2Fcategories&post=31491"},{"taxonomy":"post_tag","embeddable":true,"href":"https:\/\/eskigazeteci.com\/index.php?rest_route=%2Fwp%2Fv2%2Ftags&post=31491"}],"curies":[{"name":"wp","href":"https:\/\/api.w.org\/{rel}","templated":true}]}}