{"id":31489,"date":"2026-05-01T17:37:08","date_gmt":"2026-05-01T17:37:08","guid":{"rendered":"https:\/\/eskigazeteci.com\/?p=31489"},"modified":"2026-05-01T17:37:08","modified_gmt":"2026-05-01T17:37:08","slug":"asgari-ucrete-ara-zam-2026-son-durum","status":"publish","type":"post","link":"https:\/\/eskigazeteci.com\/?p=31489","title":{"rendered":"Asgari \u00fccrete ara zam 2026 son durum"},"content":{"rendered":"<p>Asgari \u00fccret temmuz zamm\u0131 i\u00e7in beklentiler ba\u015flad\u0131. Y\u0131lba\u015f\u0131nda asgari \u00fccretin net asgari \u00fccret 28 bin 75 lira, br\u00fct 33 bin 30 lira olarak belirlenmesinin ard\u0131ndan asgari \u00fccrete ek zam yap\u0131lacak m\u0131? sorusu \u00e7al\u0131\u015fanlar\u0131n g\u00fcndemine geldi. \u00c7al\u0131\u015fma ve Sosyal G\u00fcvenlik Bakanl\u0131\u011f\u0131 taraf\u0131ndan temmuzda 2. zam olup olmayaca\u011f\u0131n\u0131 merak eden vatanda\u015flar, yap\u0131lacak resmi a\u00e7\u0131klamalara odakland\u0131. Daha \u00f6nceki y\u0131llarda asgari \u00fccrete ara zam yap\u0131\u015f\u0131rken, g\u00f6zler 2026 y\u0131l\u0131 temmuz ay\u0131na \u00e7evrildi. Peki, asgari \u00fccrete ikinci ara zam gelecek mi? Temmuz ay\u0131nda asgari \u00fccrete zam var m\u0131, ne kadar olacak? \u0130\u015fte, o konu hakk\u0131nda ayr\u0131nt\u0131l\u0131 bilgiler.<\/p>\n<p>Asgari \u00fccrete temmuz ay\u0131nda ek zam yap\u0131lmas\u0131na y\u00f6nelik Bakan I\u015f\u0131khan&#x27;dan yada h\u00fck\u00fcmetten bir a\u00e7\u0131klama gelmedi. Baz\u0131 uzmanlar, Temmuz ay\u0131nda asgari \u00fccretin ikinci zam yap\u0131lma olas\u0131l\u0131\u011f\u0131n\u0131n bulundu\u011funu ifade etti. Ancak konuyla ilgili resmi bir bilgi bulunmuyor.<\/p>\n<p>Asgari \u00fccrete temmuz ay\u0131nda ek zam yap\u0131lmas\u0131na y\u00f6nelik Bakan I\u015f\u0131khan&#x27;dan yada h\u00fck\u00fcmetten bir a\u00e7\u0131klama gelmedi.<\/p>\n<p>Baz\u0131 uzmanlar, Temmuz ay\u0131nda asgari \u00fccretin ikinci zam yap\u0131lma olas\u0131l\u0131\u011f\u0131n\u0131n bulundu\u011funu ifade etti. Ancak konuyla ilgili resmi bir bilgi bulunmuyor.<\/p>\n<p>Yeni y\u0131lda br\u00fct 33 bin 30 lira, net 28 bin 75 lira 50&#8230;<\/p>\n","protected":false},"excerpt":{"rendered":"<p>Asgari \u00fccret ara zamm\u0131 olacak m\u0131, 2026 kamuoyu taraf\u0131ndan yak\u0131ndan takip ediliyor. \u00d6zellikle temmuz ay\u0131n\u0131n yakla\u015fmas\u0131yla birlikte, milyonlarca \u00e7al\u0131\u015fan&#8230;<\/p>\n","protected":false},"author":2,"featured_media":31488,"comment_status":"open","ping_status":"open","sticky":false,"template":"","format":"standard","meta":{"footnotes":""},"categories":[6,5],"tags":[],"class_list":["post-31489","post","type-post","status-publish","format-standard","has-post-thumbnail","hentry","category-gundem","category-son-dakika"],"_links":{"self":[{"href":"https:\/\/eskigazeteci.com\/index.php?rest_route=\/wp\/v2\/posts\/31489","targetHints":{"allow":["GET"]}}],"collection":[{"href":"https:\/\/eskigazeteci.com\/index.php?rest_route=\/wp\/v2\/posts"}],"about":[{"href":"https:\/\/eskigazeteci.com\/index.php?rest_route=\/wp\/v2\/types\/post"}],"author":[{"embeddable":true,"href":"https:\/\/eskigazeteci.com\/index.php?rest_route=\/wp\/v2\/users\/2"}],"replies":[{"embeddable":true,"href":"https:\/\/eskigazeteci.com\/index.php?rest_route=%2Fwp%2Fv2%2Fcomments&post=31489"}],"version-history":[{"count":0,"href":"https:\/\/eskigazeteci.com\/index.php?rest_route=\/wp\/v2\/posts\/31489\/revisions"}],"wp:featuredmedia":[{"embeddable":true,"href":"https:\/\/eskigazeteci.com\/index.php?rest_route=\/wp\/v2\/media\/31488"}],"wp:attachment":[{"href":"https:\/\/eskigazeteci.com\/index.php?rest_route=%2Fwp%2Fv2%2Fmedia&parent=31489"}],"wp:term":[{"taxonomy":"category","embeddable":true,"href":"https:\/\/eskigazeteci.com\/index.php?rest_route=%2Fwp%2Fv2%2Fcategories&post=31489"},{"taxonomy":"post_tag","embeddable":true,"href":"https:\/\/eskigazeteci.com\/index.php?rest_route=%2Fwp%2Fv2%2Ftags&post=31489"}],"curies":[{"name":"wp","href":"https:\/\/api.w.org\/{rel}","templated":true}]}}