{"id":31487,"date":"2026-05-01T17:28:39","date_gmt":"2026-05-01T17:28:39","guid":{"rendered":"https:\/\/eskigazeteci.com\/?p=31487"},"modified":"2026-05-01T17:28:39","modified_gmt":"2026-05-01T17:28:39","slug":"almanyada-cirkin-olay-caminin-duvari-tahrip-edildi-ve-girisine-domuz-basi-birakildi","status":"publish","type":"post","link":"https:\/\/eskigazeteci.com\/?p=31487","title":{"rendered":"Almanya&#8217;da \u00e7irkin olay\u2026 Caminin duvar\u0131 tahrip edildi ve giri\u015fine domuz ba\u015f\u0131 b\u0131rak\u0131ld\u0131"},"content":{"rendered":"<p>Memmingen&#x27;deki Diyanet \u0130\u015fleri T\u00fcrk \u0130slam Birli\u011fine (D\u0130T\u0130B) y\u00f6nelik sald\u0131r\u0131yla ilgili polisten yap\u0131lan yaz\u0131l\u0131 a\u00e7\u0131klamada, sald\u0131r\u0131yla ilgili soru\u015fturma ba\u015flat\u0131ld\u0131\u011f\u0131 bildirildi.<\/p>\n<p>A\u00e7\u0131klamada, gece yerel saatle 04.30 sular\u0131nda, caminin tepesinde hilal bulunan yakla\u015f\u0131k 1,5 metre y\u00fckseklikteki mermer duvar\u0131n\u0131n tahrip edildi\u011fi belirtildi.<\/p>\n<p>Sald\u0131r\u0131da kimli\u011fi belirsiz ki\u015filerin muhtemelen hayvan kan\u0131yla dolu balonlar\u0131 giri\u015f kap\u0131s\u0131na att\u0131klar\u0131 ve hilal sembol\u00fcn\u00fcn \u00fczerine kesilmi\u015f bir domuz ba\u015f\u0131 yerle\u015ftirdikleri aktar\u0131lan a\u00e7\u0131klamada, sald\u0131r\u0131n\u0131n ard\u0131ndan faillerin ka\u00e7t\u0131\u011f\u0131 ifade edildi.<\/p>\n<p>Delillerin toplanmas\u0131n\u0131n ard\u0131ndan Federal Kriminal Dairesince soru\u015fturma ba\u015flat\u0131ld\u0131\u011f\u0131 belirtilerek, alan\u0131n Memmingen \u0130tfaiyesi ve Memmingen Belediyesi taraf\u0131ndan temizlendi\u011fi bilgisi payla\u015f\u0131ld\u0131.<\/p>\n<p>Memmingen polisi, g\u00f6rg\u00fc tan\u0131klar\u0131 ya da olayla ilgili bilgi verebilecek ki\u015filerin kendilerine ula\u015fabilece\u011fini kaydetti.<\/p>\n<p>Yurtd\u0131\u015f\u0131nda ya\u015fanan en son olaylar, d\u00fcnya g\u00fcndemine oturan d\u0131\u015f haberler, son dakika d\u00fcnya haberleri, di\u011fer d\u00fcnya \u00fclkelerinden g\u00fcncel haberler i\u00e7in T\u00fcrkiye&#x27;nin haber sitesi hurriyet.com.tr; Hurriyet.com.tr haber i\u00e7erikleri kaynak g\u00f6sterilmeden al\u0131nt\u0131 yap\u0131lamaz, Kanuna ayk\u0131r\u0131 ve izinsiz olarak&#8230;<\/p>\n","protected":false},"excerpt":{"rendered":"<p>Almanya&#8217;n\u0131n Bavyera eyaletindeki Memmingen kentindeki bir caminin mermer duvar\u0131, kimli\u011fi belirsiz ki\u015fi ya da ki\u015filerce tahrip edildi, mermerin \u00fczerindeki&#8230;<\/p>\n","protected":false},"author":2,"featured_media":31486,"comment_status":"open","ping_status":"open","sticky":false,"template":"","format":"standard","meta":{"footnotes":""},"categories":[6,5],"tags":[],"class_list":["post-31487","post","type-post","status-publish","format-standard","has-post-thumbnail","hentry","category-gundem","category-son-dakika"],"_links":{"self":[{"href":"https:\/\/eskigazeteci.com\/index.php?rest_route=\/wp\/v2\/posts\/31487","targetHints":{"allow":["GET"]}}],"collection":[{"href":"https:\/\/eskigazeteci.com\/index.php?rest_route=\/wp\/v2\/posts"}],"about":[{"href":"https:\/\/eskigazeteci.com\/index.php?rest_route=\/wp\/v2\/types\/post"}],"author":[{"embeddable":true,"href":"https:\/\/eskigazeteci.com\/index.php?rest_route=\/wp\/v2\/users\/2"}],"replies":[{"embeddable":true,"href":"https:\/\/eskigazeteci.com\/index.php?rest_route=%2Fwp%2Fv2%2Fcomments&post=31487"}],"version-history":[{"count":0,"href":"https:\/\/eskigazeteci.com\/index.php?rest_route=\/wp\/v2\/posts\/31487\/revisions"}],"wp:featuredmedia":[{"embeddable":true,"href":"https:\/\/eskigazeteci.com\/index.php?rest_route=\/wp\/v2\/media\/31486"}],"wp:attachment":[{"href":"https:\/\/eskigazeteci.com\/index.php?rest_route=%2Fwp%2Fv2%2Fmedia&parent=31487"}],"wp:term":[{"taxonomy":"category","embeddable":true,"href":"https:\/\/eskigazeteci.com\/index.php?rest_route=%2Fwp%2Fv2%2Fcategories&post=31487"},{"taxonomy":"post_tag","embeddable":true,"href":"https:\/\/eskigazeteci.com\/index.php?rest_route=%2Fwp%2Fv2%2Ftags&post=31487"}],"curies":[{"name":"wp","href":"https:\/\/api.w.org\/{rel}","templated":true}]}}