{"id":31481,"date":"2026-05-01T17:08:40","date_gmt":"2026-05-01T17:08:40","guid":{"rendered":"https:\/\/eskigazeteci.com\/?p=31481"},"modified":"2026-05-01T17:08:40","modified_gmt":"2026-05-01T17:08:40","slug":"besiktasta-mac-oncesi-rashica-sakatlandi","status":"publish","type":"post","link":"https:\/\/eskigazeteci.com\/?p=31481","title":{"rendered":"Be\u015fikta\u015f&#8217;ta ma\u00e7 \u00f6ncesi Rashica sakatland\u0131!"},"content":{"rendered":"<p>Trendyol S\u00fcper Lig &#x27;in 32. haftas\u0131nda Gaziantep FK&#x27;n\u0131n konu\u011fu olan Be\u015fikta\u015f &#x27;ta ilk 11&#x27;de zorunlu bir de\u011fi\u015fikli\u011fe gidildi.<\/p>\n<p>Is\u0131nma s\u0131ras\u0131nda a\u011fr\u0131 hisseden Milot Rashica , kadrodan \u00e7\u0131kar\u0131ld\u0131.<\/p>\n<p>Kosoval\u0131 futbolcunun yerine Junior Olaitan ilk 11&#x27;de dahil edildi.<\/p>\n<p>T\u00fcrkiye&#x27;den ve D\u00fcnya\u2019dan son dakika haberleri, k\u00f6\u015fe yaz\u0131lar\u0131, magazinden siyasete, spordan seyahate b\u00fct\u00fcn konular\u0131n tek adresi Hurriyet.com.tr haber i\u00e7erikleri izin al\u0131nmadan, kaynak g\u00f6sterilerek dahi iktibas edilemez. Kanuna ayk\u0131r\u0131 ve izinsiz olarak kopyalanamaz, ba\u015fka yerde yay\u0131nlanamaz.<\/p>\n","protected":false},"excerpt":{"rendered":"<p>S\u00fcper Lig&#8217;in 32. haftas\u0131nda Gaziantep FK&#8217;n\u0131n konu\u011fu olan Be\u015fikta\u015f&#8217;ta m\u00fccadeleye ilk 11&#8217;de ba\u015flayacak olan Milot Rashica, \u0131s\u0131nma s\u0131ras\u0131nda sakatland\u0131&#8230;.<\/p>\n","protected":false},"author":2,"featured_media":31480,"comment_status":"open","ping_status":"open","sticky":false,"template":"","format":"standard","meta":{"footnotes":""},"categories":[5,7],"tags":[],"class_list":["post-31481","post","type-post","status-publish","format-standard","has-post-thumbnail","hentry","category-son-dakika","category-spor"],"_links":{"self":[{"href":"https:\/\/eskigazeteci.com\/index.php?rest_route=\/wp\/v2\/posts\/31481","targetHints":{"allow":["GET"]}}],"collection":[{"href":"https:\/\/eskigazeteci.com\/index.php?rest_route=\/wp\/v2\/posts"}],"about":[{"href":"https:\/\/eskigazeteci.com\/index.php?rest_route=\/wp\/v2\/types\/post"}],"author":[{"embeddable":true,"href":"https:\/\/eskigazeteci.com\/index.php?rest_route=\/wp\/v2\/users\/2"}],"replies":[{"embeddable":true,"href":"https:\/\/eskigazeteci.com\/index.php?rest_route=%2Fwp%2Fv2%2Fcomments&post=31481"}],"version-history":[{"count":0,"href":"https:\/\/eskigazeteci.com\/index.php?rest_route=\/wp\/v2\/posts\/31481\/revisions"}],"wp:featuredmedia":[{"embeddable":true,"href":"https:\/\/eskigazeteci.com\/index.php?rest_route=\/wp\/v2\/media\/31480"}],"wp:attachment":[{"href":"https:\/\/eskigazeteci.com\/index.php?rest_route=%2Fwp%2Fv2%2Fmedia&parent=31481"}],"wp:term":[{"taxonomy":"category","embeddable":true,"href":"https:\/\/eskigazeteci.com\/index.php?rest_route=%2Fwp%2Fv2%2Fcategories&post=31481"},{"taxonomy":"post_tag","embeddable":true,"href":"https:\/\/eskigazeteci.com\/index.php?rest_route=%2Fwp%2Fv2%2Ftags&post=31481"}],"curies":[{"name":"wp","href":"https:\/\/api.w.org\/{rel}","templated":true}]}}