{"id":31479,"date":"2026-05-01T17:07:08","date_gmt":"2026-05-01T17:07:08","guid":{"rendered":"https:\/\/eskigazeteci.com\/?p=31479"},"modified":"2026-05-01T17:07:08","modified_gmt":"2026-05-01T17:07:08","slug":"son-dakika-saganak-yagis-uyarisi-3","status":"publish","type":"post","link":"https:\/\/eskigazeteci.com\/?p=31479","title":{"rendered":"SON DAK\u0130KA SA\u011eANAK YA\u011eI\u015e UYARISI"},"content":{"rendered":"<p>Meteoroloji Genel M\u00fcd\u00fcrl\u00fc\u011f\u00fc taraf\u0131ndan yap\u0131lan son de\u011ferlendirmelere g\u00f6re, yurt genelinin par\u00e7al\u0131 ve \u00e7ok bulutlu, Marmara, \u0130\u00e7 Ege, Bat\u0131 Akdeniz, \u0130\u00e7 Anadolu, Karadeniz, Do\u011fu Anadolu, G\u00fcneydo\u011fu Anadolu&#x27;nun kuzey ve do\u011fusu ile \u015eanl\u0131urfa \u00e7evrelerinin ya\u011f\u0131\u015fl\u0131 ge\u00e7ece\u011fi tahmin ediliyor. Genellikle ya\u011fmur ve sa\u011fanak, g\u00fcney ve i\u00e7 kesimlerde g\u00f6k g\u00fcr\u00fclt\u00fcl\u00fc sa\u011fanak, Bat\u0131 Karadeniz&#x27;in i\u00e7 kesimlerinin y\u00fckseklerinde karla kar\u0131\u015f\u0131k ya\u011fmur \u015feklinde olmas\u0131 beklenen ya\u011f\u0131\u015flar\u0131n, \u0130\u00e7 Anadolu&#x27;nun do\u011fusu, Do\u011fu Akdeniz&#x27;in i\u00e7 kesimleri, Orta Karadeniz, Burdur&#x27;un do\u011fusu, Antalya&#x27;n\u0131n i\u00e7 kesimleri, Isparta, Tunceli, Bing\u00f6l, Mu\u015f, Bitlis, Siirt, Batman \u00e7evreleri ile Konya&#x27;n\u0131n bat\u0131s\u0131 ve Diyarbak\u0131r&#x27;\u0131n do\u011fusunda yerel kuvvetli olaca\u011f\u0131 tahmin ediliyor.<\/p>\n<p>HAFTA SONU YA\u011eMUR VAR MI?<\/p>\n<p>\u00c7evre, \u015eehircilik ve \u0130klim De\u011fi\u015fikli\u011fi Bakanl\u0131\u011f\u0131 Meteoroloji Genel M\u00fcd\u00fcrl\u00fc\u011f\u00fc Hava Tahmin Uzman\u0131 Abdullah Macit, AA muhabirine, hafta sonu hava durumuna ili\u015fkin bilgi verdi.<\/p>\n<p>Hafta sonu hava s\u0131cakl\u0131\u011f\u0131n\u0131n hissedilir derecede azalaca\u011f\u0131n\u0131 belirten Macit, &quot;S\u0131cakl\u0131k, mevsim normallerinin 6 ila 10 derece alt\u0131na d\u00fc\u015fecek. \u00c7ar\u015famba g\u00fcn\u00fcne kadar da hava s\u0131cakl\u0131klar\u0131 mevsim normallerinin alt\u0131nda seyretmeye devam edecek.&quot; dedi.<\/p>\n<p>Macit, hava&#8230;<\/p>\n","protected":false},"excerpt":{"rendered":"<p>Hafta sonu hava durumu tahminleri il il Meteoroloji&#8217;nin son dakika raporu ile yay\u0131nland\u0131. Cuma g\u00fcn\u00fc \u0130stanbul ve bir\u00e7ok ilde sa\u011fanak ya\u011f\u0131\u015f etkisini&#8230;<\/p>\n","protected":false},"author":2,"featured_media":31478,"comment_status":"open","ping_status":"open","sticky":false,"template":"","format":"standard","meta":{"footnotes":""},"categories":[6,5],"tags":[],"class_list":["post-31479","post","type-post","status-publish","format-standard","has-post-thumbnail","hentry","category-gundem","category-son-dakika"],"_links":{"self":[{"href":"https:\/\/eskigazeteci.com\/index.php?rest_route=\/wp\/v2\/posts\/31479","targetHints":{"allow":["GET"]}}],"collection":[{"href":"https:\/\/eskigazeteci.com\/index.php?rest_route=\/wp\/v2\/posts"}],"about":[{"href":"https:\/\/eskigazeteci.com\/index.php?rest_route=\/wp\/v2\/types\/post"}],"author":[{"embeddable":true,"href":"https:\/\/eskigazeteci.com\/index.php?rest_route=\/wp\/v2\/users\/2"}],"replies":[{"embeddable":true,"href":"https:\/\/eskigazeteci.com\/index.php?rest_route=%2Fwp%2Fv2%2Fcomments&post=31479"}],"version-history":[{"count":0,"href":"https:\/\/eskigazeteci.com\/index.php?rest_route=\/wp\/v2\/posts\/31479\/revisions"}],"wp:featuredmedia":[{"embeddable":true,"href":"https:\/\/eskigazeteci.com\/index.php?rest_route=\/wp\/v2\/media\/31478"}],"wp:attachment":[{"href":"https:\/\/eskigazeteci.com\/index.php?rest_route=%2Fwp%2Fv2%2Fmedia&parent=31479"}],"wp:term":[{"taxonomy":"category","embeddable":true,"href":"https:\/\/eskigazeteci.com\/index.php?rest_route=%2Fwp%2Fv2%2Fcategories&post=31479"},{"taxonomy":"post_tag","embeddable":true,"href":"https:\/\/eskigazeteci.com\/index.php?rest_route=%2Fwp%2Fv2%2Ftags&post=31479"}],"curies":[{"name":"wp","href":"https:\/\/api.w.org\/{rel}","templated":true}]}}