{"id":31477,"date":"2026-05-01T16:47:05","date_gmt":"2026-05-01T16:47:05","guid":{"rendered":"https:\/\/eskigazeteci.com\/?p=31477"},"modified":"2026-05-01T16:47:05","modified_gmt":"2026-05-01T16:47:05","slug":"ulusal-staj-programi-usp-sonuclari-sorgulama-2026","status":"publish","type":"post","link":"https:\/\/eskigazeteci.com\/?p=31477","title":{"rendered":"Ulusal Staj Program\u0131 (USP) sonu\u00e7lar\u0131 sorgulama 2026"},"content":{"rendered":"<p>Ulusal Staj Program\u0131 (USP) ne zaman a\u00e7\u0131klanacak 2026? sorusu ba\u015fvurular\u0131n tamamlanmas\u0131n\u0131n ard\u0131ndan g\u00fcndeme geldi. \u00c7al\u0131\u015fma ve Sosyal G\u00fcvenlik Bakan\u0131 Vedat I\u015f\u0131khan, Ulusal Staj Program\u0131 kapsam\u0131nda 333 bin ba\u015fvuru ald\u0131klar\u0131n\u0131 belirterek, bu y\u0131l 200 bin \u00f6\u011frenciyi staj program\u0131na dahil etmeye \u00e7al\u0131\u015ft\u0131klar\u0131n\u0131 bildirdi. Bu y\u0131l \u0130\u015eKUR taraf\u0131ndan y\u00fcr\u00fct\u00fclen Ulusal Staj Program\u0131 ba\u015fvurular sonras\u0131 de\u011ferlendirmeler i\u00e7in s\u00fcre\u00e7 ba\u015flad\u0131. Ulusal Staj Program\u0131 ba\u015fvuru sonu\u00e7lar\u0131, de\u011ferlendirme a\u015famas\u0131n\u0131n ard\u0131ndan belli olacak. Peki, Ulusal Staj Program\u0131 sonu\u00e7lar\u0131 ne zaman a\u00e7\u0131klanacak 2026? Ulusal Staj Program\u0131 (USP) ba\u015fvuru sonu\u00e7lar\u0131 nas\u0131l \u00f6\u011frenilir? \u0130\u015fte, Ulusal Staj Program\u0131 ba\u015fvuru sonucu sorgulama ve konu hakk\u0131nda ayr\u0131nt\u0131lar&#8230;<\/p>\n<p>Normal \u015fartlarda 16 Mart 2026 tarihinde sona ermesi planlanan ba\u015fvuru s\u00fcreci, yo\u011fun ilgi ve \u00f6\u011frencilerden gelen talepler \u00fczerine 31 Mart 2026 saat 23:59\u2019a kadar uzat\u0131lm\u0131\u015ft\u0131. Ba\u015fvuru s\u00fcresinin tamamlanmas\u0131yla birlikte sistem, \u00f6\u011frencilerin beyan etti\u011fi belgelerin kontrol\u00fc ve puanlama s\u00fcrecine odakland\u0131.<\/p>\n<p>Resmi takvime g\u00f6re sonu\u00e7lar\u0131n a\u00e7\u0131klanaca\u011f\u0131 kesin bir g\u00fcn hen\u00fcz belirtilmese de, ge\u00e7mi\u015f y\u0131llardaki uygulama takvimi bu konuda \u00f6nemli ipu\u00e7lar\u0131 veriyor. 2025 y\u0131l\u0131nda&#8230;<\/p>\n","protected":false},"excerpt":{"rendered":"<p>Ulusal Staj Program\u0131 ba\u015fvuru sonu\u00e7lar\u0131 2026 sorgulama ekran\u0131 i\u00e7in g\u00f6zler son dakika a\u00e7\u0131klamalara \u00e7evrildi. Kariyer yolculuklar\u0131nda \u00f6nemli bir ad\u0131m olarak&#8230;<\/p>\n","protected":false},"author":2,"featured_media":31476,"comment_status":"open","ping_status":"open","sticky":false,"template":"","format":"standard","meta":{"footnotes":""},"categories":[6,5],"tags":[],"class_list":["post-31477","post","type-post","status-publish","format-standard","has-post-thumbnail","hentry","category-gundem","category-son-dakika"],"_links":{"self":[{"href":"https:\/\/eskigazeteci.com\/index.php?rest_route=\/wp\/v2\/posts\/31477","targetHints":{"allow":["GET"]}}],"collection":[{"href":"https:\/\/eskigazeteci.com\/index.php?rest_route=\/wp\/v2\/posts"}],"about":[{"href":"https:\/\/eskigazeteci.com\/index.php?rest_route=\/wp\/v2\/types\/post"}],"author":[{"embeddable":true,"href":"https:\/\/eskigazeteci.com\/index.php?rest_route=\/wp\/v2\/users\/2"}],"replies":[{"embeddable":true,"href":"https:\/\/eskigazeteci.com\/index.php?rest_route=%2Fwp%2Fv2%2Fcomments&post=31477"}],"version-history":[{"count":0,"href":"https:\/\/eskigazeteci.com\/index.php?rest_route=\/wp\/v2\/posts\/31477\/revisions"}],"wp:featuredmedia":[{"embeddable":true,"href":"https:\/\/eskigazeteci.com\/index.php?rest_route=\/wp\/v2\/media\/31476"}],"wp:attachment":[{"href":"https:\/\/eskigazeteci.com\/index.php?rest_route=%2Fwp%2Fv2%2Fmedia&parent=31477"}],"wp:term":[{"taxonomy":"category","embeddable":true,"href":"https:\/\/eskigazeteci.com\/index.php?rest_route=%2Fwp%2Fv2%2Fcategories&post=31477"},{"taxonomy":"post_tag","embeddable":true,"href":"https:\/\/eskigazeteci.com\/index.php?rest_route=%2Fwp%2Fv2%2Ftags&post=31477"}],"curies":[{"name":"wp","href":"https:\/\/api.w.org\/{rel}","templated":true}]}}