{"id":31473,"date":"2026-05-01T16:18:36","date_gmt":"2026-05-01T16:18:36","guid":{"rendered":"https:\/\/eskigazeteci.com\/?p=31473"},"modified":"2026-05-01T16:18:36","modified_gmt":"2026-05-01T16:18:36","slug":"enerji-ve-tabii-kaynaklar-bakani-bayraktar-nadir-toprak-elementlerinde-dunyada-ilk-5e-girme-hedefimiz-var","status":"publish","type":"post","link":"https:\/\/eskigazeteci.com\/?p=31473","title":{"rendered":"Enerji ve Tabii Kaynaklar Bakan\u0131 Bayraktar: Nadir toprak elementlerinde d\u00fcnyada ilk 5&#8217;e girme hedefimiz var"},"content":{"rendered":"<p>Bayraktar, AK Parti \u0130l Ba\u015fkanl\u0131\u011f\u0131n\u0131 ziyaretinde, Eski\u015fehir&#x27;in madenin, sanayinin, eme\u011fin \u015fehri oldu\u011funu, o y\u00fczden 1 May\u0131s Emek ve Dayan\u0131\u015fma G\u00fcn\u00fc&#x27;n\u00fc kentte ge\u00e7irmek istedi\u011fini s\u00f6yledi.<\/p>\n<p>T\u00fcrkiye&#x27;nin \u00fcreten bir \u00fclke oldu\u011funu belirten Bayraktar, \u015f\u00f6yle konu\u015ftu:<\/p>\n<p>&quot;T\u00fcrkiye ekonomisi, ihracat\u0131 b\u00fcy\u00fcyen bir \u00fclke. Son 23 y\u0131lda, 230 milyar dolardan 1,5 trilyon dolarl\u0131k bir ekonomi haline geldik. Bunun ana itici g\u00fcc\u00fc, ana motoru sanayimiz, \u00fcretimimiz, ihracat\u0131m\u0131z. Burada emek ve \u00e7aba var. Bu \u00e7aban\u0131n kar\u015f\u0131l\u0131k bulmas\u0131, \u00e7ok \u00f6nemli ama samimi bir \u015fekilde, istismar unsuru de\u011fil, samimiyetle bu \u00e7aban\u0131n kar\u015f\u0131l\u0131k bulmas\u0131 \u00f6nemli. Biz 23,5 y\u0131ld\u0131r oldu\u011fu gibi in\u015fallah bundan sonraki s\u00fcre\u00e7te de emek\u00e7inin hakk\u0131n\u0131n hi\u00e7bir zaman kaybolmamas\u0131 i\u00e7in b\u00fcy\u00fck bir gayret i\u00e7inde olaca\u011f\u0131z.&quot;<\/p>\n<p>&quot;ESK\u0130\u015eEH\u0130R \u00c7OK M\u00dcMB\u0130T TOPRAKLARI OLAN B\u0130R YER&quot;<\/p>\n<p>Eski\u015fehir&#x27;in \u00f6nemini vurgulayan Bayraktar, &quot;Madenin adeta ba\u015fkenti. Eski\u015fehir \u00e7ok m\u00fcmbit topraklar\u0131 olan bir yer. Maden \u00e7e\u015fitlili\u011fi a\u00e7\u0131s\u0131ndan \u00e7ok \u00f6nemli. B\u00fct\u00fcn d\u00fcnya \u00e7ap\u0131nda ses getiren bor madenlerinin de ev sahipli\u011fini yap\u0131yor.&quot; diye konu\u015ftu.<\/p>\n<p>Kentte hayata ge\u00e7irilecek 3 \u00f6nemli projeyi anlatan Bayraktar, \u015funlar\u0131 kaydetti:<\/p>\n<p>&quot;Beylikova, b\u00fct\u00fcn d\u00fcnyan\u0131n g\u00f6z\u00fcn\u00fcn \u00fcst\u00fcnde oldu\u011fu bir&#8230;<\/p>\n","protected":false},"excerpt":{"rendered":"<p>Enerji ve Tabii Kaynaklar Bakan\u0131 Alparslan Bayraktar, Beylikova, b\u00fct\u00fcn d\u00fcnyan\u0131n g\u00f6z\u00fcn\u00fcn \u00fcst\u00fcnde oldu\u011fu bir proje. Nadir toprak elementlerinde d\u00fcnyada ilk 5&#8217;e&#8230;<\/p>\n","protected":false},"author":2,"featured_media":31472,"comment_status":"open","ping_status":"open","sticky":false,"template":"","format":"standard","meta":{"footnotes":""},"categories":[6,5],"tags":[],"class_list":["post-31473","post","type-post","status-publish","format-standard","has-post-thumbnail","hentry","category-gundem","category-son-dakika"],"_links":{"self":[{"href":"https:\/\/eskigazeteci.com\/index.php?rest_route=\/wp\/v2\/posts\/31473","targetHints":{"allow":["GET"]}}],"collection":[{"href":"https:\/\/eskigazeteci.com\/index.php?rest_route=\/wp\/v2\/posts"}],"about":[{"href":"https:\/\/eskigazeteci.com\/index.php?rest_route=\/wp\/v2\/types\/post"}],"author":[{"embeddable":true,"href":"https:\/\/eskigazeteci.com\/index.php?rest_route=\/wp\/v2\/users\/2"}],"replies":[{"embeddable":true,"href":"https:\/\/eskigazeteci.com\/index.php?rest_route=%2Fwp%2Fv2%2Fcomments&post=31473"}],"version-history":[{"count":0,"href":"https:\/\/eskigazeteci.com\/index.php?rest_route=\/wp\/v2\/posts\/31473\/revisions"}],"wp:featuredmedia":[{"embeddable":true,"href":"https:\/\/eskigazeteci.com\/index.php?rest_route=\/wp\/v2\/media\/31472"}],"wp:attachment":[{"href":"https:\/\/eskigazeteci.com\/index.php?rest_route=%2Fwp%2Fv2%2Fmedia&parent=31473"}],"wp:term":[{"taxonomy":"category","embeddable":true,"href":"https:\/\/eskigazeteci.com\/index.php?rest_route=%2Fwp%2Fv2%2Fcategories&post=31473"},{"taxonomy":"post_tag","embeddable":true,"href":"https:\/\/eskigazeteci.com\/index.php?rest_route=%2Fwp%2Fv2%2Ftags&post=31473"}],"curies":[{"name":"wp","href":"https:\/\/api.w.org\/{rel}","templated":true}]}}