{"id":31469,"date":"2026-05-01T16:08:35","date_gmt":"2026-05-01T16:08:35","guid":{"rendered":"https:\/\/eskigazeteci.com\/?p=31469"},"modified":"2026-05-01T16:08:35","modified_gmt":"2026-05-01T16:08:35","slug":"bakan-fidan-hasdi-sabi-komisyonu-baskani-el","status":"publish","type":"post","link":"https:\/\/eskigazeteci.com\/?p=31469","title":{"rendered":"Bakan Fidan, Ha\u015fdi \u015eabi Komisyonu Ba\u015fkan\u0131 el"},"content":{"rendered":"<p>Bakanl\u0131ktan yap\u0131lan a\u00e7\u0131klamada, &quot;D\u0131\u015fi\u015fleri Bakan\u0131 Hakan Fidan , Ha\u015fdi \u015eabi Komisyonu Ba\u015fkan\u0131 Falih el-Feyyad ile Ankara\u2019da bir araya geldi&quot; denildi.<\/p>\n<p>G\u00f6r\u00fc\u015fmeye ili\u015fkin foto\u011fraf payla\u015f\u0131ld\u0131.<\/p>\n<p>T\u00fcrkiye g\u00fcndeminden son dakika haberleri, bug\u00fcn ya\u015fanan en son geli\u015fmeler, siyaset g\u00fcndeminden g\u00fcncel haberler ve b\u00fct\u00fcn son dakika haberleri i\u00e7in H\u00fcrriyet&#x27;in internet haber sitesi hurriyet.com.tr; Hurriyet.com.tr haber i\u00e7erikleri kaynak g\u00f6sterilmeden al\u0131nt\u0131 yap\u0131lamaz, Kanuna ayk\u0131r\u0131 ve izinsiz olarak kopyalanamaz, ba\u015fka yerde yay\u0131nlanamaz.<\/p>\n","protected":false},"excerpt":{"rendered":"<p>D\u0131\u015fi\u015fleri Bakan\u0131 Hakan Fidan, Ha\u015fdi \u015eabi Komisyonu Ba\u015fkan\u0131 Falih el-Feyyad ile bir araya geldi.<\/p>\n","protected":false},"author":2,"featured_media":31468,"comment_status":"open","ping_status":"open","sticky":false,"template":"","format":"standard","meta":{"footnotes":""},"categories":[6,5],"tags":[],"class_list":["post-31469","post","type-post","status-publish","format-standard","has-post-thumbnail","hentry","category-gundem","category-son-dakika"],"_links":{"self":[{"href":"https:\/\/eskigazeteci.com\/index.php?rest_route=\/wp\/v2\/posts\/31469","targetHints":{"allow":["GET"]}}],"collection":[{"href":"https:\/\/eskigazeteci.com\/index.php?rest_route=\/wp\/v2\/posts"}],"about":[{"href":"https:\/\/eskigazeteci.com\/index.php?rest_route=\/wp\/v2\/types\/post"}],"author":[{"embeddable":true,"href":"https:\/\/eskigazeteci.com\/index.php?rest_route=\/wp\/v2\/users\/2"}],"replies":[{"embeddable":true,"href":"https:\/\/eskigazeteci.com\/index.php?rest_route=%2Fwp%2Fv2%2Fcomments&post=31469"}],"version-history":[{"count":0,"href":"https:\/\/eskigazeteci.com\/index.php?rest_route=\/wp\/v2\/posts\/31469\/revisions"}],"wp:featuredmedia":[{"embeddable":true,"href":"https:\/\/eskigazeteci.com\/index.php?rest_route=\/wp\/v2\/media\/31468"}],"wp:attachment":[{"href":"https:\/\/eskigazeteci.com\/index.php?rest_route=%2Fwp%2Fv2%2Fmedia&parent=31469"}],"wp:term":[{"taxonomy":"category","embeddable":true,"href":"https:\/\/eskigazeteci.com\/index.php?rest_route=%2Fwp%2Fv2%2Fcategories&post=31469"},{"taxonomy":"post_tag","embeddable":true,"href":"https:\/\/eskigazeteci.com\/index.php?rest_route=%2Fwp%2Fv2%2Ftags&post=31469"}],"curies":[{"name":"wp","href":"https:\/\/api.w.org\/{rel}","templated":true}]}}