{"id":31467,"date":"2026-05-01T16:07:03","date_gmt":"2026-05-01T16:07:03","guid":{"rendered":"https:\/\/eskigazeteci.com\/?p=31467"},"modified":"2026-05-01T16:07:03","modified_gmt":"2026-05-01T16:07:03","slug":"ak-parti-genel-baskan-yardimcilari-1-mayis-emek-ve-dayanisma-gununu-kutladi","status":"publish","type":"post","link":"https:\/\/eskigazeteci.com\/?p=31467","title":{"rendered":"AK Parti Genel Ba\u015fkan Yard\u0131mc\u0131lar\u0131 1 May\u0131s Emek ve Dayan\u0131\u015fma G\u00fcn\u00fc&#8217;n\u00fc kutlad\u0131"},"content":{"rendered":"<p>AK Parti Genel Ba\u015fkan Yard\u0131mc\u0131s\u0131 K\u00fcr\u015fad Zorlu, sosyal medya hesab\u0131ndan, &quot;Emek\u00e7ilerimizin haklar\u0131n\u0131n, birlik ve beraberli\u011finin simgesi olan 1 May\u0131s, daha adil ve daha g\u00fc\u00e7l\u00fc bir gelecek i\u00e7in verilen m\u00fccadelenin de ifadesidir. Bu vesileyle \u00fcreten, \u00e7al\u0131\u015fan, al\u0131n teriyle hayat\u0131 var eden t\u00fcm emek\u00e7ilerimizin 1 May\u0131s Emek ve Dayan\u0131\u015fma G\u00fcn\u00fc\u2019n\u00fc kutluyorum.&quot; ifadelerini payla\u015ft\u0131.<\/p>\n<p>Genel Ba\u015fkan Yard\u0131mc\u0131s\u0131 Faruk Acar, payla\u015f\u0131m\u0131nda, &quot;Al\u0131n terini kutsal bilen, omuz omuza vererek T\u00fcrkiye Y\u00fczy\u0131l\u0131&#x27;n\u0131n in\u015fas\u0131na destek veren t\u00fcm i\u015f\u00e7i ve emek\u00e7i karde\u015flerimizin 1 May\u0131s Emek ve Dayan\u0131\u015fma G\u00fcn\u00fc&#x27;n\u00fc tebrik ediyorum. El eme\u011fiyle, al\u0131n teriyle helal r\u0131zk\u0131n\u0131 kazanan her bir karde\u015fime te\u015fekk\u00fcr ederim.&quot; ifadesini kulland\u0131.<\/p>\n<p>AK Parti Genel Ba\u015fkan Yard\u0131mc\u0131s\u0131 Ahmet B\u00fcy\u00fckg\u00fcm\u00fc\u015f de &quot;Emekleriyle \u00fclkemizin b\u00fcy\u00fcmesine, kalk\u0131nmas\u0131na ve \u00fcretim g\u00fcc\u00fcne katk\u0131 sunan t\u00fcm i\u015f\u00e7i ve emek\u00e7i karde\u015flerimizin 1 May\u0131s Emek ve Dayan\u0131\u015fma G\u00fcn\u00fc&#x27;n\u00fc kutluyorum. Al\u0131n teriyle de\u011fer \u00fcreten her bir vatanda\u015f\u0131m\u0131z\u0131n eme\u011fi, b\u00fcy\u00fck ve g\u00fc\u00e7l\u00fc T\u00fcrkiye y\u00fcr\u00fcy\u00fc\u015f\u00fcm\u00fcz\u00fcn en k\u0131ymetli dayanaklar\u0131ndan biridir.&quot; payla\u015f\u0131m\u0131nda bulundu.<\/p>\n<p>Genel Ba\u015fkan Yard\u0131mc\u0131s\u0131 Ahmet Baha \u00d6\u011f\u00fctken ise &quot;1 May\u0131s Emek ve Dayan\u0131\u015fma G\u00fcn\u00fc kutlu olsun. \u00dclkemizin kalk\u0131nmas\u0131na al\u0131n teriyle&#8230;<\/p>\n","protected":false},"excerpt":{"rendered":"<p>AK Parti Genel Ba\u015fkan Yard\u0131mc\u0131lar\u0131, i\u015f\u00e7ilerin 1 May\u0131s Emek ve Dayan\u0131\u015fma G\u00fcn\u00fc&#8217;n\u00fc kutlad\u0131.<\/p>\n","protected":false},"author":2,"featured_media":31466,"comment_status":"open","ping_status":"open","sticky":false,"template":"","format":"standard","meta":{"footnotes":""},"categories":[6,5],"tags":[],"class_list":["post-31467","post","type-post","status-publish","format-standard","has-post-thumbnail","hentry","category-gundem","category-son-dakika"],"_links":{"self":[{"href":"https:\/\/eskigazeteci.com\/index.php?rest_route=\/wp\/v2\/posts\/31467","targetHints":{"allow":["GET"]}}],"collection":[{"href":"https:\/\/eskigazeteci.com\/index.php?rest_route=\/wp\/v2\/posts"}],"about":[{"href":"https:\/\/eskigazeteci.com\/index.php?rest_route=\/wp\/v2\/types\/post"}],"author":[{"embeddable":true,"href":"https:\/\/eskigazeteci.com\/index.php?rest_route=\/wp\/v2\/users\/2"}],"replies":[{"embeddable":true,"href":"https:\/\/eskigazeteci.com\/index.php?rest_route=%2Fwp%2Fv2%2Fcomments&post=31467"}],"version-history":[{"count":0,"href":"https:\/\/eskigazeteci.com\/index.php?rest_route=\/wp\/v2\/posts\/31467\/revisions"}],"wp:featuredmedia":[{"embeddable":true,"href":"https:\/\/eskigazeteci.com\/index.php?rest_route=\/wp\/v2\/media\/31466"}],"wp:attachment":[{"href":"https:\/\/eskigazeteci.com\/index.php?rest_route=%2Fwp%2Fv2%2Fmedia&parent=31467"}],"wp:term":[{"taxonomy":"category","embeddable":true,"href":"https:\/\/eskigazeteci.com\/index.php?rest_route=%2Fwp%2Fv2%2Fcategories&post=31467"},{"taxonomy":"post_tag","embeddable":true,"href":"https:\/\/eskigazeteci.com\/index.php?rest_route=%2Fwp%2Fv2%2Ftags&post=31467"}],"curies":[{"name":"wp","href":"https:\/\/api.w.org\/{rel}","templated":true}]}}