{"id":31465,"date":"2026-05-01T15:58:34","date_gmt":"2026-05-01T15:58:34","guid":{"rendered":"https:\/\/eskigazeteci.com\/?p=31465"},"modified":"2026-05-01T15:58:34","modified_gmt":"2026-05-01T15:58:34","slug":"ispartada-11-yil-once-kaybolmustu-kafatasi-burdurda-bulundu","status":"publish","type":"post","link":"https:\/\/eskigazeteci.com\/?p=31465","title":{"rendered":"Isparta&#8217;da 11 y\u0131l \u00f6nce kaybolmu\u015ftu\u2026 Kafatas\u0131 Burdur&#8217;da bulundu"},"content":{"rendered":"<p>Burdur &#x27;da ge\u00e7ti\u011fimiz Mart ay\u0131nda bo\u015f bir arazide vatanda\u015flar taraf\u0131ndan bulunan kafatas\u0131, 11 y\u0131l \u00f6nce Isparta &#x27;n\u0131n Senirkent il\u00e7esine ba\u011fl\u0131 B\u00fcy\u00fckkabaca beldesinde kaybolan Mehmet \u00c7etin&#x27;e ait \u00e7\u0131kt\u0131. Kafatas\u0131ndan al\u0131nan DNA \u00f6rne\u011fi, ailesinden al\u0131nan \u00f6rneklerle e\u015fle\u015ftirilerek kimlik tespiti yap\u0131ld\u0131. Olay\u0131n ard\u0131ndan ba\u015flat\u0131lan soru\u015fturma kapsam\u0131nda, Isparta Cumhuriyet Ba\u015fsavc\u0131l\u0131\u011f\u0131&#x27;n\u0131n talimatlar\u0131 do\u011frultusunda ge\u00e7ti\u011fimiz y\u0131l May\u0131s ay\u0131nda Isparta ve \u0130stanbul ba\u015fta olmak \u00fczere \u00e7e\u015fitli illerde operasyon d\u00fczenlendi. Operasyonlarda Mehmet \u00c7etin&#x27;in eski e\u015fi Derya K., arkada\u015f\u0131 Bayram A. ile Bekir B. g\u00f6zalt\u0131na al\u0131nd\u0131. Ayr\u0131ca h\u00fck\u00fcml\u00fc T.G. ve M.K. isimli \u015fah\u0131slar\u0131n da bulunduklar\u0131 cezaevlerinden dosya kapsam\u0131na dahil edildi\u011fi \u00f6\u011frenildi. KAYIP V\u00dcCUT \u0130\u00c7\u0130N ARAMA \u00c7ALI\u015eMALARI S\u00dcR\u00dcYOR<\/p>\n<p>\u015e\u00fcphelilerin ikametlerinde yap\u0131lan aramalarda bir adet ruhsats\u0131z tabanca ile cep telefonlar\u0131na el konuldu. Bayram A.&#x27;n\u0131n 24 May\u0131s 2025 tarihinde &quot;kasten adam \u00f6ld\u00fcrme&quot; su\u00e7lamas\u0131yla \u00e7\u0131kar\u0131ld\u0131\u011f\u0131 n\u00f6bet\u00e7i mahkemece tutuklanarak cezaevine g\u00f6nderildi\u011fi \u00f6\u011frenildi. Olaydan yakla\u015f\u0131k bir hafta sonra adli kontrol \u015fart\u0131yla serbest b\u0131rak\u0131lan Derya K.&#x27;n\u0131n da ayn\u0131 su\u00e7lamayla yeniden tutuklanarak cezaevine g\u00f6nderildi\u011fi bildirildi&#8230;.<\/p>\n","protected":false},"excerpt":{"rendered":"<p>Burdur&#8217;da Mart ay\u0131nda bo\u015f arazide bulunan kafatas\u0131n\u0131n 11 y\u0131l \u00f6nce Isparta&#8217;da kaybolan Mehmet \u00c7etin&#8217;e ait oldu\u011fu, ailesinden al\u0131nan DNA \u00f6rnekleriyle yap\u0131lan&#8230;<\/p>\n","protected":false},"author":2,"featured_media":31464,"comment_status":"open","ping_status":"open","sticky":false,"template":"","format":"standard","meta":{"footnotes":""},"categories":[6,5],"tags":[],"class_list":["post-31465","post","type-post","status-publish","format-standard","has-post-thumbnail","hentry","category-gundem","category-son-dakika"],"_links":{"self":[{"href":"https:\/\/eskigazeteci.com\/index.php?rest_route=\/wp\/v2\/posts\/31465","targetHints":{"allow":["GET"]}}],"collection":[{"href":"https:\/\/eskigazeteci.com\/index.php?rest_route=\/wp\/v2\/posts"}],"about":[{"href":"https:\/\/eskigazeteci.com\/index.php?rest_route=\/wp\/v2\/types\/post"}],"author":[{"embeddable":true,"href":"https:\/\/eskigazeteci.com\/index.php?rest_route=\/wp\/v2\/users\/2"}],"replies":[{"embeddable":true,"href":"https:\/\/eskigazeteci.com\/index.php?rest_route=%2Fwp%2Fv2%2Fcomments&post=31465"}],"version-history":[{"count":0,"href":"https:\/\/eskigazeteci.com\/index.php?rest_route=\/wp\/v2\/posts\/31465\/revisions"}],"wp:featuredmedia":[{"embeddable":true,"href":"https:\/\/eskigazeteci.com\/index.php?rest_route=\/wp\/v2\/media\/31464"}],"wp:attachment":[{"href":"https:\/\/eskigazeteci.com\/index.php?rest_route=%2Fwp%2Fv2%2Fmedia&parent=31465"}],"wp:term":[{"taxonomy":"category","embeddable":true,"href":"https:\/\/eskigazeteci.com\/index.php?rest_route=%2Fwp%2Fv2%2Fcategories&post=31465"},{"taxonomy":"post_tag","embeddable":true,"href":"https:\/\/eskigazeteci.com\/index.php?rest_route=%2Fwp%2Fv2%2Ftags&post=31465"}],"curies":[{"name":"wp","href":"https:\/\/api.w.org\/{rel}","templated":true}]}}