{"id":31461,"date":"2026-05-01T15:37:00","date_gmt":"2026-05-01T15:37:00","guid":{"rendered":"https:\/\/eskigazeteci.com\/?p=31461"},"modified":"2026-05-01T15:37:00","modified_gmt":"2026-05-01T15:37:00","slug":"netanyahu-kanseri-atlattigini-boyle-duyurdu","status":"publish","type":"post","link":"https:\/\/eskigazeteci.com\/?p=31461","title":{"rendered":"Netanyahu, kanseri atlatt\u0131\u011f\u0131n\u0131 b\u00f6yle duyurdu"},"content":{"rendered":"<p>Netanyahu, \u00c7in merkezli sosyal medya platformu Tik Tok&#x27;taki resmi hesab\u0131ndan sa\u011fl\u0131kl\u0131 oldu\u011funu g\u00f6stermek i\u00e7in sabah spor yapt\u0131\u011f\u0131 ve kahvalt\u0131 haz\u0131rlad\u0131\u011f\u0131 anlar\u0131 yay\u0131mlad\u0131.<\/p>\n<p>\u0130lerleyen ya\u015f\u0131 nedeniyle son y\u0131llarda \u00e7e\u015fitli sa\u011fl\u0131k sorunlar\u0131 ya\u015fayan Netanyahu, hemen hemen her sabah spor salonunda \u00e7al\u0131\u015ft\u0131\u011f\u0131n\u0131 ileri s\u00fcrd\u00fc.<\/p>\n<p>\u0130srail Ba\u015fbakan\u0131 Netanyahu, yakla\u015f\u0131k bir bu\u00e7uk y\u0131l \u00f6nce ge\u00e7irdi\u011fi prostat ameliyat\u0131n\u0131n ard\u0131ndan yap\u0131lan rutin kontroller s\u0131ras\u0131nda t\u00fcm\u00f6r tespit edildi\u011fini duyurmu\u015ftu.<\/p>\n<p>Ba\u015far\u0131l\u0131 bir tedavi s\u00fcrecinden ge\u00e7erek kanseri atlatt\u0131\u011f\u0131n\u0131 aktaran Netanyahu, ABD ile \u0130ran&#x27;a kar\u015f\u0131 y\u00fcr\u00fctt\u00fckleri sald\u0131r\u0131lar nedeniyle kanser atlatt\u0131\u011f\u0131n\u0131n kamuoyuyla payla\u015f\u0131lmas\u0131n\u0131 erteletti\u011fini s\u00f6ylemi\u015fti.<\/p>\n<p>\u0130srail&#x27;de en uzun s\u00fcre ba\u015fbakanl\u0131k koltu\u011funda oturan 76 ya\u015f\u0131ndaki Netanyahu , son y\u0131llarda bir dizi sa\u011fl\u0131k sorunu ya\u015f\u0131yor.<\/p>\n<p>Yurtd\u0131\u015f\u0131nda ya\u015fanan en son olaylar, d\u00fcnya g\u00fcndemine oturan d\u0131\u015f haberler, son dakika d\u00fcnya haberleri, di\u011fer d\u00fcnya \u00fclkelerinden g\u00fcncel haberler i\u00e7in T\u00fcrkiye&#x27;nin haber sitesi hurriyet.com.tr; Hurriyet.com.tr haber i\u00e7erikleri kaynak g\u00f6sterilmeden al\u0131nt\u0131 yap\u0131lamaz, Kanuna ayk\u0131r\u0131 ve izinsiz olarak kopyalanamaz, ba\u015fka yerde yay\u0131nlanamaz.<\/p>\n","protected":false},"excerpt":{"rendered":"<p>\u0130srail Ba\u015fbakan\u0131 Binyamin Netanyahu, prostat kanseri atlatt\u0131\u011f\u0131n\u0131 a\u00e7\u0131klamas\u0131ndan bir hafta sonra spor salonundan video payla\u015ft\u0131.<\/p>\n","protected":false},"author":2,"featured_media":31460,"comment_status":"open","ping_status":"open","sticky":false,"template":"","format":"standard","meta":{"footnotes":""},"categories":[6,5],"tags":[],"class_list":["post-31461","post","type-post","status-publish","format-standard","has-post-thumbnail","hentry","category-gundem","category-son-dakika"],"_links":{"self":[{"href":"https:\/\/eskigazeteci.com\/index.php?rest_route=\/wp\/v2\/posts\/31461","targetHints":{"allow":["GET"]}}],"collection":[{"href":"https:\/\/eskigazeteci.com\/index.php?rest_route=\/wp\/v2\/posts"}],"about":[{"href":"https:\/\/eskigazeteci.com\/index.php?rest_route=\/wp\/v2\/types\/post"}],"author":[{"embeddable":true,"href":"https:\/\/eskigazeteci.com\/index.php?rest_route=\/wp\/v2\/users\/2"}],"replies":[{"embeddable":true,"href":"https:\/\/eskigazeteci.com\/index.php?rest_route=%2Fwp%2Fv2%2Fcomments&post=31461"}],"version-history":[{"count":0,"href":"https:\/\/eskigazeteci.com\/index.php?rest_route=\/wp\/v2\/posts\/31461\/revisions"}],"wp:featuredmedia":[{"embeddable":true,"href":"https:\/\/eskigazeteci.com\/index.php?rest_route=\/wp\/v2\/media\/31460"}],"wp:attachment":[{"href":"https:\/\/eskigazeteci.com\/index.php?rest_route=%2Fwp%2Fv2%2Fmedia&parent=31461"}],"wp:term":[{"taxonomy":"category","embeddable":true,"href":"https:\/\/eskigazeteci.com\/index.php?rest_route=%2Fwp%2Fv2%2Fcategories&post=31461"},{"taxonomy":"post_tag","embeddable":true,"href":"https:\/\/eskigazeteci.com\/index.php?rest_route=%2Fwp%2Fv2%2Ftags&post=31461"}],"curies":[{"name":"wp","href":"https:\/\/api.w.org\/{rel}","templated":true}]}}