{"id":31455,"date":"2026-05-01T15:07:00","date_gmt":"2026-05-01T15:07:00","guid":{"rendered":"https:\/\/eskigazeteci.com\/?p=31455"},"modified":"2026-05-01T15:07:00","modified_gmt":"2026-05-01T15:07:00","slug":"aksarayda-feci-olum-is-yerinde-kesilen-agac-uzerine-devrildi","status":"publish","type":"post","link":"https:\/\/eskigazeteci.com\/?p=31455","title":{"rendered":"Aksaray&#8217;da feci \u00f6l\u00fcm! \u0130\u015f yerinde kesilen a\u011fa\u00e7, \u00fczerine devrildi"},"content":{"rendered":"<p>Olay, saat 12.00 s\u0131ralar\u0131nda G\u00fczelyurt il\u00e7esi Ihlara Beldesi Akp\u0131nar Mahallesi&#x27;nde meydana geldi. Mobilyac\u0131da a\u015f\u00e7\u0131 olarak \u00e7al\u0131\u015fan Hatice Ba\u015fata, i\u015f yerine ait arazide a\u011fa\u00e7 kesen i\u015f\u00e7ilerin yan\u0131na gitti. Bu s\u0131rada kesilen kavak a\u011fac\u0131, Ba\u015fata&#x27;n\u0131n \u00fczerine devrildi.<\/p>\n<p>Ba\u015fata kanlar i\u00e7erisinde kal\u0131rken, ihbarla olay yerine sa\u011fl\u0131k ve jandarma ekipleri geldi. Ambulansla G\u00fczelyurt Devlet Hastanesi\u2019ne kald\u0131r\u0131lan 4 \u00e7ocuk annesi Hatice Ba\u015fata , ya\u015fam\u0131n\u0131 yitirdi. Ba\u015fata\u2019n\u0131n cans\u0131z bedeni otopsi i\u00e7in Aksaray E\u011fitim ve Ara\u015ft\u0131rma Hastanesi\u2019ne kald\u0131r\u0131ld\u0131.<\/p>\n<p>Olay ile ilgili soru\u015fturma ba\u015flat\u0131ld\u0131.<\/p>\n<p>T\u00fcrkiye g\u00fcndeminden son dakika haberleri, bug\u00fcn ya\u015fanan en son geli\u015fmeler, siyaset g\u00fcndeminden g\u00fcncel haberler ve b\u00fct\u00fcn son dakika haberleri i\u00e7in H\u00fcrriyet&#x27;in internet haber sitesi hurriyet.com.tr; Hurriyet.com.tr haber i\u00e7erikleri kaynak g\u00f6sterilmeden al\u0131nt\u0131 yap\u0131lamaz, Kanuna ayk\u0131r\u0131 ve izinsiz olarak kopyalanamaz, ba\u015fka yerde yay\u0131nlanamaz.<\/p>\n","protected":false},"excerpt":{"rendered":"<p>Aksaray&#8217;\u0131n G\u00fczelyurt il\u00e7esinde 56 ya\u015f\u0131ndaki Hatice Ba\u015fata, \u00e7al\u0131\u015ft\u0131\u011f\u0131 i\u015f yerinde kesilen kavak a\u011fac\u0131n\u0131n \u00fczerine devrilmesi sonucu hayat\u0131n\u0131 kaybetti.<\/p>\n","protected":false},"author":2,"featured_media":31454,"comment_status":"open","ping_status":"open","sticky":false,"template":"","format":"standard","meta":{"footnotes":""},"categories":[6,5],"tags":[],"class_list":["post-31455","post","type-post","status-publish","format-standard","has-post-thumbnail","hentry","category-gundem","category-son-dakika"],"_links":{"self":[{"href":"https:\/\/eskigazeteci.com\/index.php?rest_route=\/wp\/v2\/posts\/31455","targetHints":{"allow":["GET"]}}],"collection":[{"href":"https:\/\/eskigazeteci.com\/index.php?rest_route=\/wp\/v2\/posts"}],"about":[{"href":"https:\/\/eskigazeteci.com\/index.php?rest_route=\/wp\/v2\/types\/post"}],"author":[{"embeddable":true,"href":"https:\/\/eskigazeteci.com\/index.php?rest_route=\/wp\/v2\/users\/2"}],"replies":[{"embeddable":true,"href":"https:\/\/eskigazeteci.com\/index.php?rest_route=%2Fwp%2Fv2%2Fcomments&post=31455"}],"version-history":[{"count":0,"href":"https:\/\/eskigazeteci.com\/index.php?rest_route=\/wp\/v2\/posts\/31455\/revisions"}],"wp:featuredmedia":[{"embeddable":true,"href":"https:\/\/eskigazeteci.com\/index.php?rest_route=\/wp\/v2\/media\/31454"}],"wp:attachment":[{"href":"https:\/\/eskigazeteci.com\/index.php?rest_route=%2Fwp%2Fv2%2Fmedia&parent=31455"}],"wp:term":[{"taxonomy":"category","embeddable":true,"href":"https:\/\/eskigazeteci.com\/index.php?rest_route=%2Fwp%2Fv2%2Fcategories&post=31455"},{"taxonomy":"post_tag","embeddable":true,"href":"https:\/\/eskigazeteci.com\/index.php?rest_route=%2Fwp%2Fv2%2Ftags&post=31455"}],"curies":[{"name":"wp","href":"https:\/\/api.w.org\/{rel}","templated":true}]}}