{"id":31453,"date":"2026-05-01T14:58:33","date_gmt":"2026-05-01T14:58:33","guid":{"rendered":"https:\/\/eskigazeteci.com\/?p=31453"},"modified":"2026-05-01T14:58:33","modified_gmt":"2026-05-01T14:58:33","slug":"bakan-gurlek-trtnin-kurulus-yil-donumunu-kutladi","status":"publish","type":"post","link":"https:\/\/eskigazeteci.com\/?p=31453","title":{"rendered":"Bakan G\u00fcrlek, TRT&#8217;nin kurulu\u015f y\u0131l d\u00f6n\u00fcm\u00fcn\u00fc kutlad\u0131"},"content":{"rendered":"<p>G\u00fcrlek, NSosyal hesab\u0131ndan payla\u015ft\u0131\u011f\u0131 mesajda, TRT&#x27;nin, k\u00f6kl\u00fc yay\u0131nc\u0131l\u0131k birikimiyle toplumsal haf\u0131zaya y\u00f6n verdi\u011fini ve k\u00fcresel \u00e7apta bir marka haline geldi\u011fini belirtti.<\/p>\n<p>Bakan G\u00fcrlek, \u015funlar\u0131 kaydetti:<\/p>\n<p>&quot;K\u00f6kl\u00fc ge\u00e7mi\u015finden ald\u0131\u011f\u0131 g\u00fc\u00e7le medeniyet de\u011ferlerimizi d\u00fcnyaya ta\u015f\u0131yan TRT , dijital \u00e7a\u011fa y\u00f6n veren vizyonu ve \u00e7ok dilli yay\u0131nc\u0131l\u0131k anlay\u0131\u015f\u0131yla uluslararas\u0131 alanda hakikatin g\u00fc\u00e7l\u00fc ve g\u00fcvenilir sesi olmaya devam ediyor. D\u00fcnyan\u0131n sessiz kald\u0131\u011f\u0131 insani trajedileri g\u00fcndeme ta\u015f\u0131yarak adaletin ve vicdan\u0131n terc\u00fcmanl\u0131\u011f\u0131n\u0131 yapan, ilkeli ve sorumlu yay\u0131n anlay\u0131\u015f\u0131yla g\u00fcven in\u015fa eden ba\u015fta Genel M\u00fcd\u00fcr Say\u0131n Mehmet Zahid Sobac\u0131 olmak \u00fczere TRT ailesinin her bir ferdine ba\u015far\u0131lar diliyorum.&quot;<\/p>\n<p>T\u00fcrkiye g\u00fcndeminden son dakika haberleri, bug\u00fcn ya\u015fanan en son geli\u015fmeler, siyaset g\u00fcndeminden g\u00fcncel haberler ve b\u00fct\u00fcn son dakika haberleri i\u00e7in H\u00fcrriyet&#x27;in internet haber sitesi hurriyet.com.tr; Hurriyet.com.tr haber i\u00e7erikleri kaynak g\u00f6sterilmeden al\u0131nt\u0131 yap\u0131lamaz, Kanuna ayk\u0131r\u0131 ve izinsiz olarak kopyalanamaz, ba\u015fka yerde yay\u0131nlanamaz.<\/p>\n","protected":false},"excerpt":{"rendered":"<p>Adalet Bakan\u0131 Ak\u0131n G\u00fcrlek, T\u00fcrkiye Radyo Televizyon Kurumunun (TRT) 62. kurulu\u015f y\u0131l d\u00f6n\u00fcm\u00fcn\u00fc kutlad\u0131.<\/p>\n","protected":false},"author":2,"featured_media":31452,"comment_status":"open","ping_status":"open","sticky":false,"template":"","format":"standard","meta":{"footnotes":""},"categories":[6,5],"tags":[],"class_list":["post-31453","post","type-post","status-publish","format-standard","has-post-thumbnail","hentry","category-gundem","category-son-dakika"],"_links":{"self":[{"href":"https:\/\/eskigazeteci.com\/index.php?rest_route=\/wp\/v2\/posts\/31453","targetHints":{"allow":["GET"]}}],"collection":[{"href":"https:\/\/eskigazeteci.com\/index.php?rest_route=\/wp\/v2\/posts"}],"about":[{"href":"https:\/\/eskigazeteci.com\/index.php?rest_route=\/wp\/v2\/types\/post"}],"author":[{"embeddable":true,"href":"https:\/\/eskigazeteci.com\/index.php?rest_route=\/wp\/v2\/users\/2"}],"replies":[{"embeddable":true,"href":"https:\/\/eskigazeteci.com\/index.php?rest_route=%2Fwp%2Fv2%2Fcomments&post=31453"}],"version-history":[{"count":0,"href":"https:\/\/eskigazeteci.com\/index.php?rest_route=\/wp\/v2\/posts\/31453\/revisions"}],"wp:featuredmedia":[{"embeddable":true,"href":"https:\/\/eskigazeteci.com\/index.php?rest_route=\/wp\/v2\/media\/31452"}],"wp:attachment":[{"href":"https:\/\/eskigazeteci.com\/index.php?rest_route=%2Fwp%2Fv2%2Fmedia&parent=31453"}],"wp:term":[{"taxonomy":"category","embeddable":true,"href":"https:\/\/eskigazeteci.com\/index.php?rest_route=%2Fwp%2Fv2%2Fcategories&post=31453"},{"taxonomy":"post_tag","embeddable":true,"href":"https:\/\/eskigazeteci.com\/index.php?rest_route=%2Fwp%2Fv2%2Ftags&post=31453"}],"curies":[{"name":"wp","href":"https:\/\/api.w.org\/{rel}","templated":true}]}}