{"id":31451,"date":"2026-05-01T14:57:01","date_gmt":"2026-05-01T14:57:01","guid":{"rendered":"https:\/\/eskigazeteci.com\/?p=31451"},"modified":"2026-05-01T14:57:01","modified_gmt":"2026-05-01T14:57:01","slug":"kucuk-ucak-yere-cakildi-5-olu","status":"publish","type":"post","link":"https:\/\/eskigazeteci.com\/?p=31451","title":{"rendered":"K\u00fc\u00e7\u00fck u\u00e7ak yere \u00e7ak\u0131ld\u0131: 5 \u00f6l\u00fc"},"content":{"rendered":"<p>ABD Federal Havac\u0131l\u0131k \u0130daresi, Texas eyaletinde &quot;Cessna 421C&quot; tipi k\u00fc\u00e7\u00fck u\u00e7a\u011f\u0131n yerel saatle 23:25 civar\u0131nda, i\u00e7inde 5 ki\u015fi varken d\u00fc\u015ft\u00fc\u011f\u00fcn\u00fc a\u00e7\u0131klad\u0131.<\/p>\n<p>Texas &#x27;\u0131n Hays b\u00f6lgesi Yarg\u0131c\u0131 Ruben Becerra, sosyal medyadan yapt\u0131\u011f\u0131 a\u00e7\u0131klamada, kazaya ili\u015fkin detaylar payla\u015ft\u0131.<\/p>\n<p>Becerra, k\u00fc\u00e7\u00fck u\u00e7a\u011f\u0131n eyaletin Austin kentinin yakla\u015f\u0131k 64 kilometre g\u00fcneybat\u0131s\u0131ndaki Wimberley kentinde d\u00fc\u015ft\u00fc\u011f\u00fcn\u00fc belirtti.<\/p>\n<p>\u0130lk belirlemelere g\u00f6re u\u00e7a\u011f\u0131n kaza an\u0131nda y\u00fcksek h\u0131zda seyretti\u011fini kaydeden Becerra, kazada \u00f6len 5 ki\u015finin isimlerini a\u00e7\u0131klamad\u0131.<\/p>\n<p>Yurtd\u0131\u015f\u0131nda ya\u015fanan en son olaylar, d\u00fcnya g\u00fcndemine oturan d\u0131\u015f haberler, son dakika d\u00fcnya haberleri, di\u011fer d\u00fcnya \u00fclkelerinden g\u00fcncel haberler i\u00e7in T\u00fcrkiye&#x27;nin haber sitesi hurriyet.com.tr; Hurriyet.com.tr haber i\u00e7erikleri kaynak g\u00f6sterilmeden al\u0131nt\u0131 yap\u0131lamaz, Kanuna ayk\u0131r\u0131 ve izinsiz olarak kopyalanamaz, ba\u015fka yerde yay\u0131nlanamaz.<\/p>\n","protected":false},"excerpt":{"rendered":"<p>ABD&#8217;nin Texas eyaletinde bir k\u00fc\u00e7\u00fck u\u00e7a\u011f\u0131n d\u00fc\u015fmesi sonucu u\u00e7akta bulunan 5 ki\u015finin ya\u015fam\u0131n\u0131 yitirdi\u011fi bildirildi.<\/p>\n","protected":false},"author":2,"featured_media":31450,"comment_status":"open","ping_status":"open","sticky":false,"template":"","format":"standard","meta":{"footnotes":""},"categories":[6,5],"tags":[],"class_list":["post-31451","post","type-post","status-publish","format-standard","has-post-thumbnail","hentry","category-gundem","category-son-dakika"],"_links":{"self":[{"href":"https:\/\/eskigazeteci.com\/index.php?rest_route=\/wp\/v2\/posts\/31451","targetHints":{"allow":["GET"]}}],"collection":[{"href":"https:\/\/eskigazeteci.com\/index.php?rest_route=\/wp\/v2\/posts"}],"about":[{"href":"https:\/\/eskigazeteci.com\/index.php?rest_route=\/wp\/v2\/types\/post"}],"author":[{"embeddable":true,"href":"https:\/\/eskigazeteci.com\/index.php?rest_route=\/wp\/v2\/users\/2"}],"replies":[{"embeddable":true,"href":"https:\/\/eskigazeteci.com\/index.php?rest_route=%2Fwp%2Fv2%2Fcomments&post=31451"}],"version-history":[{"count":0,"href":"https:\/\/eskigazeteci.com\/index.php?rest_route=\/wp\/v2\/posts\/31451\/revisions"}],"wp:featuredmedia":[{"embeddable":true,"href":"https:\/\/eskigazeteci.com\/index.php?rest_route=\/wp\/v2\/media\/31450"}],"wp:attachment":[{"href":"https:\/\/eskigazeteci.com\/index.php?rest_route=%2Fwp%2Fv2%2Fmedia&parent=31451"}],"wp:term":[{"taxonomy":"category","embeddable":true,"href":"https:\/\/eskigazeteci.com\/index.php?rest_route=%2Fwp%2Fv2%2Fcategories&post=31451"},{"taxonomy":"post_tag","embeddable":true,"href":"https:\/\/eskigazeteci.com\/index.php?rest_route=%2Fwp%2Fv2%2Ftags&post=31451"}],"curies":[{"name":"wp","href":"https:\/\/api.w.org\/{rel}","templated":true}]}}