{"id":31449,"date":"2026-05-01T14:51:38","date_gmt":"2026-05-01T14:51:38","guid":{"rendered":"https:\/\/eskigazeteci.com\/?p=31449"},"modified":"2026-05-01T14:51:38","modified_gmt":"2026-05-01T14:51:38","slug":"ak-partiye-gectiler-torenle-rozetleri-takildi","status":"publish","type":"post","link":"https:\/\/eskigazeteci.com\/?p=31449","title":{"rendered":"AK Parti&#8217;ye ge\u00e7tiler: T\u00f6renle rozetleri tak\u0131ld\u0131"},"content":{"rendered":"<p>CHP\u2019den AK Parti\u2019ye kat\u0131lan Serik Belediye Ba\u015fkan\u0131 Kadir Kumbul\u2019a parti rozetini, 15 Nisan&#x27;da Ankara&#x27;da d\u00fczenlenen AK Parti Grup Meclis Toplant\u0131s\u0131nda, Cumhurba\u015fkan\u0131 Recep Tayyip Erdo\u011fan takm\u0131\u015ft\u0131. \u0130l ba\u015fkanl\u0131\u011f\u0131ndaki t\u00f6rende ise AK Parti\u2019ye ge\u00e7en 5 meclis \u00fcyesi \u0130brahim Ak\u0131n, Halil Demir, Ahmet An\u0131l, Mehmet K\u00fc\u00e7\u00fckkurt, Ata \u00dcnal i\u00e7in rozet takma t\u00f6reni d\u00fczenlendi. T\u00f6rene, eski D\u0131\u015fi\u015fleri Bakan\u0131 ve AK Parti Antalya Milletvekili Mevl\u00fct \u00c7avu\u015fo\u011flu ba\u015fta olmak \u00fczere AK Parti Antalya milletvekilleri, \u0130l Ba\u015fkan\u0131 Ali \u00c7etin, il\u00e7e ba\u015fkanlar\u0131, belediye ba\u015fkanlar\u0131 ile \u00e7ok say\u0131da partili kat\u0131ld\u0131.<\/p>\n<p>5 MECL\u0130S \u00dcYEM\u0130Z ARAMIZA KATILMA KARARI VERD\u0130&#x27;<\/p>\n<p>AK Parti\u2019nin kap\u0131s\u0131n\u0131n herkese a\u00e7\u0131k oldu\u011funu kaydeden \u0130l Ba\u015fkan\u0131 Ali \u00c7etin, \u201cBiz hizmet a\u015fk\u0131yla, hizmet sevdas\u0131yla Antalya\u2019m\u0131za, vekillerimizle, MKYK \u00fcyemizle, bakan\u0131m\u0131z\u0131n nezaretinde te\u015fkilat\u0131m\u0131zla, il\u00e7e ba\u015fkanlar\u0131m\u0131zla uyumlu bir \u015fekilde \u00e7al\u0131\u015fan, amac\u0131 ve gayesi sadece hizmet olan bir partiyiz. Liderimizin izinde, 19 il\u00e7emiz i\u00e7in gece g\u00fcnd\u00fcz \u00e7al\u0131\u015fmaya devam ediyoruz. Uyumlu bir te\u015fkilat\u0131z, g\u00fczel bir te\u015fkilat\u0131z, iyi bir ekibiz. Birileri birtak\u0131m meselelerle u\u011fra\u015f\u0131rken bizler hizmetlerimizle sahaday\u0131z. Antalya\u2019n\u0131n yapacak \u00e7ok i\u015fi var. Antalya\u2019n\u0131n bekledi\u011fi \u00e7ok&#8230;<\/p>\n","protected":false},"excerpt":{"rendered":"<p>Serik Belediye Ba\u015fkan\u0131 Kadir Kumbul\u2019la birlikte AK Parti\u2019ye ge\u00e7en 5 belediye meclis \u00fcyesi i\u00e7in AK Parti Antalya \u0130l Ba\u015fkanl\u0131\u011f\u0131nda rozet takma t\u00f6reni d\u00fczenlendi.<\/p>\n","protected":false},"author":2,"featured_media":31448,"comment_status":"open","ping_status":"open","sticky":false,"template":"","format":"standard","meta":{"footnotes":""},"categories":[6,5],"tags":[],"class_list":["post-31449","post","type-post","status-publish","format-standard","has-post-thumbnail","hentry","category-gundem","category-son-dakika"],"_links":{"self":[{"href":"https:\/\/eskigazeteci.com\/index.php?rest_route=\/wp\/v2\/posts\/31449","targetHints":{"allow":["GET"]}}],"collection":[{"href":"https:\/\/eskigazeteci.com\/index.php?rest_route=\/wp\/v2\/posts"}],"about":[{"href":"https:\/\/eskigazeteci.com\/index.php?rest_route=\/wp\/v2\/types\/post"}],"author":[{"embeddable":true,"href":"https:\/\/eskigazeteci.com\/index.php?rest_route=\/wp\/v2\/users\/2"}],"replies":[{"embeddable":true,"href":"https:\/\/eskigazeteci.com\/index.php?rest_route=%2Fwp%2Fv2%2Fcomments&post=31449"}],"version-history":[{"count":0,"href":"https:\/\/eskigazeteci.com\/index.php?rest_route=\/wp\/v2\/posts\/31449\/revisions"}],"wp:featuredmedia":[{"embeddable":true,"href":"https:\/\/eskigazeteci.com\/index.php?rest_route=\/wp\/v2\/media\/31448"}],"wp:attachment":[{"href":"https:\/\/eskigazeteci.com\/index.php?rest_route=%2Fwp%2Fv2%2Fmedia&parent=31449"}],"wp:term":[{"taxonomy":"category","embeddable":true,"href":"https:\/\/eskigazeteci.com\/index.php?rest_route=%2Fwp%2Fv2%2Fcategories&post=31449"},{"taxonomy":"post_tag","embeddable":true,"href":"https:\/\/eskigazeteci.com\/index.php?rest_route=%2Fwp%2Fv2%2Ftags&post=31449"}],"curies":[{"name":"wp","href":"https:\/\/api.w.org\/{rel}","templated":true}]}}