{"id":31447,"date":"2026-05-01T14:50:05","date_gmt":"2026-05-01T14:50:05","guid":{"rendered":"https:\/\/eskigazeteci.com\/?p=31447"},"modified":"2026-05-01T14:50:05","modified_gmt":"2026-05-01T14:50:05","slug":"hirsizlik-icin-girdigi-otomobilin-sahibine-yakalandi-bu-arac-benim-asil-hirsiz-sizsiniz-diyerek-direnen-supheli-tutuklandi","status":"publish","type":"post","link":"https:\/\/eskigazeteci.com\/?p=31447","title":{"rendered":"H\u0131rs\u0131zl\u0131k i\u00e7in girdi\u011fi otomobilin sahibine yakaland\u0131! &#8216;Bu ara\u00e7 benim, as\u0131l h\u0131rs\u0131z sizsiniz&#8217; diyerek direnen \u015f\u00fcpheli tutukland\u0131"},"content":{"rendered":"<p>Olay, d\u00fcn ak\u015fam saatlerinde H\u00fcrriyet Mahallesi, Fevzi \u00c7akmak Caddesi \u00fczerinde meydana geldi. Edinilen bilgiye g\u00f6re, Yalova&#x27;dan geldi\u011fi \u00f6\u011frenilen \u015f\u00fcpheli, h\u0131rs\u0131zl\u0131k amac\u0131yla g\u00f6z\u00fcne kestirdi\u011fi bir otomobilin kap\u0131s\u0131n\u0131 arka camdan m\u00fcdahale ederek a\u00e7t\u0131 ve i\u00e7eri girdi. Yan\u0131nda getirdi\u011fi anahtarla arac\u0131 \u00e7al\u0131\u015ft\u0131rmaya \u00e7al\u0131\u015fan zanl\u0131, bu s\u0131rada ara\u00e7 sahibine su\u00e7\u00fcst\u00fc yakaland\u0131.<\/p>\n<p>&quot;ASIL HIRSIZ S\u0130ZS\u0130N\u0130Z&quot; D\u0130YEREK D\u0130REND\u0130<\/p>\n<p>Arac\u0131n i\u00e7inden inmeyi reddeden \u015f\u00fcpheli, ara\u00e7 sahibine ve \u00e7evredeki vatanda\u015flara, &quot;Bu ara\u00e7 benim, as\u0131l h\u0131rs\u0131z sizsiniz, kocam i\u00e7eri bineyim diye kap\u0131y\u0131 a\u00e7\u0131k b\u0131rakt\u0131&quot; \u015feklinde iddialarda bulunarak uzun s\u00fcre direndi. Ara\u00e7tan inmemekte \u0131srar eden \u015f\u00fcpheli ile ara\u00e7 sahipleri aras\u0131nda zaman zaman arbede ya\u015fand\u0131.<\/p>\n<p>\u00dcZER\u0130NDEN \u00c7OK SAYIDA ANAHTAR \u00c7IKTI<\/p>\n<p>Olay yerine gelen polis ekiplerince g\u00f6zalt\u0131na al\u0131nan zanl\u0131n\u0131n, Yalova&#x27;dan Orhangazi&#x27;ye h\u0131rs\u0131zl\u0131k yapmak amac\u0131yla geldi\u011fi belirlendi. \u015e\u00fcphelinin yap\u0131lan \u00fcst aramas\u0131nda ba\u015fka ara\u00e7lara ait anahtarlar da ele ge\u00e7irildi.<\/p>\n<p>Emniyetteki i\u015flemlerinin ard\u0131ndan Orhangazi Adliyesi\u2019ne sevk edilen zanl\u0131, \u00e7\u0131kar\u0131ld\u0131\u011f\u0131 mahkemece tutuklanarak cezaevine g\u00f6nderildi.<\/p>\n<p>T\u00fcrkiye g\u00fcndeminden son dakika haberleri, bug\u00fcn ya\u015fanan en son geli\u015fmeler, siyaset g\u00fcndeminden&#8230;<\/p>\n","protected":false},"excerpt":{"rendered":"<p>Bursa&#8217;n\u0131n Orhangazi il\u00e7esinde, h\u0131rs\u0131zl\u0131k amac\u0131yla girdi\u011fi otomobilin sahibine yakalan\u0131nca arac\u0131 Bu ara\u00e7 benim diyerek sahiplenmeye \u00e7al\u0131\u015fan ve uzun s\u00fcre ara\u00e7&#8230;<\/p>\n","protected":false},"author":2,"featured_media":31446,"comment_status":"open","ping_status":"open","sticky":false,"template":"","format":"standard","meta":{"footnotes":""},"categories":[6,5],"tags":[],"class_list":["post-31447","post","type-post","status-publish","format-standard","has-post-thumbnail","hentry","category-gundem","category-son-dakika"],"_links":{"self":[{"href":"https:\/\/eskigazeteci.com\/index.php?rest_route=\/wp\/v2\/posts\/31447","targetHints":{"allow":["GET"]}}],"collection":[{"href":"https:\/\/eskigazeteci.com\/index.php?rest_route=\/wp\/v2\/posts"}],"about":[{"href":"https:\/\/eskigazeteci.com\/index.php?rest_route=\/wp\/v2\/types\/post"}],"author":[{"embeddable":true,"href":"https:\/\/eskigazeteci.com\/index.php?rest_route=\/wp\/v2\/users\/2"}],"replies":[{"embeddable":true,"href":"https:\/\/eskigazeteci.com\/index.php?rest_route=%2Fwp%2Fv2%2Fcomments&post=31447"}],"version-history":[{"count":0,"href":"https:\/\/eskigazeteci.com\/index.php?rest_route=\/wp\/v2\/posts\/31447\/revisions"}],"wp:featuredmedia":[{"embeddable":true,"href":"https:\/\/eskigazeteci.com\/index.php?rest_route=\/wp\/v2\/media\/31446"}],"wp:attachment":[{"href":"https:\/\/eskigazeteci.com\/index.php?rest_route=%2Fwp%2Fv2%2Fmedia&parent=31447"}],"wp:term":[{"taxonomy":"category","embeddable":true,"href":"https:\/\/eskigazeteci.com\/index.php?rest_route=%2Fwp%2Fv2%2Fcategories&post=31447"},{"taxonomy":"post_tag","embeddable":true,"href":"https:\/\/eskigazeteci.com\/index.php?rest_route=%2Fwp%2Fv2%2Ftags&post=31447"}],"curies":[{"name":"wp","href":"https:\/\/api.w.org\/{rel}","templated":true}]}}