{"id":31445,"date":"2026-05-01T14:48:32","date_gmt":"2026-05-01T14:48:32","guid":{"rendered":"https:\/\/eskigazeteci.com\/?p=31445"},"modified":"2026-05-01T14:48:32","modified_gmt":"2026-05-01T14:48:32","slug":"pinar-sabanci-kimdir-nereli-kac-yasinda-pinar-sabanci-kimin-kizi","status":"publish","type":"post","link":"https:\/\/eskigazeteci.com\/?p=31445","title":{"rendered":"P\u0131nar Sabanc\u0131 kimdir, nereli, ka\u00e7 ya\u015f\u0131nda? P\u0131nar Sabanc\u0131 kimin k\u0131z\u0131?"},"content":{"rendered":"<p>P\u0131nar Sabanc\u0131, lise e\u011fitimini prestijli Robert Koleji&#x27;nde tamamlam\u0131\u015ft\u0131r. Ard\u0131ndan Amerika Birle\u015fik Devletleri&#x27;ne giderek Boston Babson College&#x27;da \u0130\u015fletme e\u011fitimi alm\u0131\u015ft\u0131r. Northeastern \u00dcniversitesi&#x27;nde Psikoloji alan\u0131nda lisans e\u011fitimini s\u00fcrd\u00fcren Sabanc\u0131, akademik kariyerine \u0130ngiltere&#x27;de devam etmi\u015ftir. D\u00fcnyaca \u00fcnl\u00fc Oxford \u00dcniversitesi&#x27;nde bili\u015fsel terapi alan\u0131nda y\u00fcksek lisans yaparak uzmanl\u0131\u011f\u0131n\u0131 peki\u015ftirmi\u015ftir. Bu e\u011fitimler, onun hem i\u015f d\u00fcnyas\u0131nda hem de psikoloji alan\u0131nda sa\u011flam bir temel olu\u015fturmas\u0131n\u0131 sa\u011flam\u0131\u015ft\u0131r.<\/p>\n<p>P\u0131nar Sabanc\u0131, Aysel ve Erdener Konca \u00e7iftinin k\u0131z\u0131d\u0131r. K\u0131zl\u0131k soyad\u0131 Konca&#x27;d\u0131r. Babas\u0131 Erdener Konca&#x27;n\u0131n P\u0131nar hen\u00fcz ortaokul \u00e7a\u011flar\u0131ndayken fel\u00e7 ge\u00e7irmesi, aile ya\u015famlar\u0131nda \u00f6nemli bir d\u00f6n\u00fcm noktas\u0131 olmu\u015ftur. Annesi Aysel Konca ise ilerleyen ya\u015flar\u0131nda Alzheimer hastal\u0131\u011f\u0131 ile m\u00fccadele etmektedir. P\u0131nar Sabanc\u0131, bu zorlu s\u00fcre\u00e7lerde ailesine olan ba\u011fl\u0131l\u0131\u011f\u0131n\u0131 ve deste\u011fini her f\u0131rsatta dile getirmi\u015f, \u00f6zellikle annesiyle ilgili duygusal payla\u015f\u0131mlar\u0131yla kamuoyunun takdirini toplam\u0131\u015ft\u0131r. Kendi ifadesiyle, anne ve babas\u0131n\u0131n ebeveyni olma sorumlulu\u011funu \u00fcstlenmi\u015ftir. 2010 y\u0131l\u0131nda Sabanc\u0131 ailesinden Yal\u00e7\u0131n ve Neslihan Sabanc\u0131&#x27;n\u0131n o\u011flu \u0130lhan Sabanc\u0131 ile evlenerek Sabanc\u0131&#8230;<\/p>\n","protected":false},"excerpt":{"rendered":"<p>P\u0131nar Sabanc\u0131, i\u015f d\u00fcnyas\u0131n\u0131n ve cemiyet hayat\u0131n\u0131n yak\u0131ndan tan\u0131d\u0131\u011f\u0131 bir isim olmas\u0131n\u0131n yan\u0131 s\u0131ra, psikoloji alan\u0131ndaki \u00e7al\u0131\u015fmalar\u0131 ve sosyal medya&#8230;<\/p>\n","protected":false},"author":2,"featured_media":31444,"comment_status":"open","ping_status":"open","sticky":false,"template":"","format":"standard","meta":{"footnotes":""},"categories":[6,5],"tags":[],"class_list":["post-31445","post","type-post","status-publish","format-standard","has-post-thumbnail","hentry","category-gundem","category-son-dakika"],"_links":{"self":[{"href":"https:\/\/eskigazeteci.com\/index.php?rest_route=\/wp\/v2\/posts\/31445","targetHints":{"allow":["GET"]}}],"collection":[{"href":"https:\/\/eskigazeteci.com\/index.php?rest_route=\/wp\/v2\/posts"}],"about":[{"href":"https:\/\/eskigazeteci.com\/index.php?rest_route=\/wp\/v2\/types\/post"}],"author":[{"embeddable":true,"href":"https:\/\/eskigazeteci.com\/index.php?rest_route=\/wp\/v2\/users\/2"}],"replies":[{"embeddable":true,"href":"https:\/\/eskigazeteci.com\/index.php?rest_route=%2Fwp%2Fv2%2Fcomments&post=31445"}],"version-history":[{"count":0,"href":"https:\/\/eskigazeteci.com\/index.php?rest_route=\/wp\/v2\/posts\/31445\/revisions"}],"wp:featuredmedia":[{"embeddable":true,"href":"https:\/\/eskigazeteci.com\/index.php?rest_route=\/wp\/v2\/media\/31444"}],"wp:attachment":[{"href":"https:\/\/eskigazeteci.com\/index.php?rest_route=%2Fwp%2Fv2%2Fmedia&parent=31445"}],"wp:term":[{"taxonomy":"category","embeddable":true,"href":"https:\/\/eskigazeteci.com\/index.php?rest_route=%2Fwp%2Fv2%2Fcategories&post=31445"},{"taxonomy":"post_tag","embeddable":true,"href":"https:\/\/eskigazeteci.com\/index.php?rest_route=%2Fwp%2Fv2%2Ftags&post=31445"}],"curies":[{"name":"wp","href":"https:\/\/api.w.org\/{rel}","templated":true}]}}