{"id":31443,"date":"2026-05-01T14:46:59","date_gmt":"2026-05-01T14:46:59","guid":{"rendered":"https:\/\/eskigazeteci.com\/?p=31443"},"modified":"2026-05-01T14:46:59","modified_gmt":"2026-05-01T14:46:59","slug":"15-yas-alti-sosyal-medya-yasagi-basladi-mi-sosyal-medya-yasagi-yururluge-girdi-mi","status":"publish","type":"post","link":"https:\/\/eskigazeteci.com\/?p=31443","title":{"rendered":"15 ya\u015f alt\u0131 sosyal medya yasa\u011f\u0131 ba\u015flad\u0131 m\u0131? Sosyal medya yasa\u011f\u0131 y\u00fcr\u00fcrl\u00fc\u011fe girdi mi?"},"content":{"rendered":"<p>T\u00fcrkiye, \u00e7ocuklar\u0131n internet ortam\u0131ndaki g\u00fcvenli\u011fini sa\u011flamak ad\u0131na k\u00fcresel \u00f6l\u00e7ekte en sert d\u00fczenlemelerden birini hayata ge\u00e7iriyor. Yeni yasayla birlikte, 15 ya\u015f\u0131n\u0131 doldurmam\u0131\u015f \u00e7ocuklar\u0131n sosyal a\u011flara kaydolmas\u0131 ve bu platformlar\u0131 kullanmas\u0131 hukuki olarak engellenecek. Bu b\u00fcy\u00fck k\u0131s\u0131tlama, sadece sosyal medya devlerini de\u011fil, ayn\u0131 zamanda dijital oyun platformlar\u0131n\u0131 ve video payla\u015f\u0131m sitelerini de do\u011frudan kapsama al\u0131yor. Peki, 15 ya\u015f alt\u0131 sosyal medya yasa\u011f\u0131 ba\u015flad\u0131 m\u0131? Sosyal medya yasa\u011f\u0131 y\u00fcr\u00fcrl\u00fc\u011fe girdi mi?<\/p>\n<p>T\u00fcrkiye, \u00e7ocuklar\u0131n internet ortam\u0131ndaki g\u00fcvenli\u011fini sa\u011flamak ad\u0131na k\u00fcresel \u00f6l\u00e7ekte en sert d\u00fczenlemelerden birini hayata ge\u00e7iriyor. Yeni yasayla birlikte, 15 ya\u015f\u0131n\u0131 doldurmam\u0131\u015f \u00e7ocuklar\u0131n sosyal a\u011flara kaydolmas\u0131 ve bu platformlar\u0131 kullanmas\u0131 hukuki olarak engellenecek. Bu b\u00fcy\u00fck k\u0131s\u0131tlama, sadece sosyal medya devlerini de\u011fil, ayn\u0131 zamanda dijital oyun platformlar\u0131n\u0131 ve video payla\u015f\u0131m sitelerini de do\u011frudan kapsama al\u0131yor. Peki, 15 ya\u015f alt\u0131 sosyal medya yasa\u011f\u0131 ba\u015flad\u0131 m\u0131? Sosyal medya yasa\u011f\u0131 y\u00fcr\u00fcrl\u00fc\u011fe girdi mi?<\/p>\n<p>\u0130nternet ve sosyal medya platformlar\u0131n\u0131n kullan\u0131m\u0131na ili\u015fkin d\u00fczenlemeler i\u00e7eren yasa de\u011fi\u015fikli\u011fi Resmi Gazete&#x27;de yay\u0131mlanarak y\u00fcr\u00fcrl\u00fc\u011fe girdi. Yeni kanunla 15 ya\u015f&#8230;<\/p>\n","protected":false},"excerpt":{"rendered":"<p>T\u00fcrkiye\u2019de dijital d\u00fcnyay\u0131 k\u00f6kten de\u011fi\u015ftirecek tarihi bir ad\u0131m at\u0131larak 15 ya\u015f alt\u0131ndaki \u00e7ocuklar\u0131n sosyal medya kullan\u0131m\u0131 resmi olarak yasakland\u0131. TBMM&#8230;<\/p>\n","protected":false},"author":2,"featured_media":31442,"comment_status":"open","ping_status":"open","sticky":false,"template":"","format":"standard","meta":{"footnotes":""},"categories":[6,5],"tags":[],"class_list":["post-31443","post","type-post","status-publish","format-standard","has-post-thumbnail","hentry","category-gundem","category-son-dakika"],"_links":{"self":[{"href":"https:\/\/eskigazeteci.com\/index.php?rest_route=\/wp\/v2\/posts\/31443","targetHints":{"allow":["GET"]}}],"collection":[{"href":"https:\/\/eskigazeteci.com\/index.php?rest_route=\/wp\/v2\/posts"}],"about":[{"href":"https:\/\/eskigazeteci.com\/index.php?rest_route=\/wp\/v2\/types\/post"}],"author":[{"embeddable":true,"href":"https:\/\/eskigazeteci.com\/index.php?rest_route=\/wp\/v2\/users\/2"}],"replies":[{"embeddable":true,"href":"https:\/\/eskigazeteci.com\/index.php?rest_route=%2Fwp%2Fv2%2Fcomments&post=31443"}],"version-history":[{"count":0,"href":"https:\/\/eskigazeteci.com\/index.php?rest_route=\/wp\/v2\/posts\/31443\/revisions"}],"wp:featuredmedia":[{"embeddable":true,"href":"https:\/\/eskigazeteci.com\/index.php?rest_route=\/wp\/v2\/media\/31442"}],"wp:attachment":[{"href":"https:\/\/eskigazeteci.com\/index.php?rest_route=%2Fwp%2Fv2%2Fmedia&parent=31443"}],"wp:term":[{"taxonomy":"category","embeddable":true,"href":"https:\/\/eskigazeteci.com\/index.php?rest_route=%2Fwp%2Fv2%2Fcategories&post=31443"},{"taxonomy":"post_tag","embeddable":true,"href":"https:\/\/eskigazeteci.com\/index.php?rest_route=%2Fwp%2Fv2%2Ftags&post=31443"}],"curies":[{"name":"wp","href":"https:\/\/api.w.org\/{rel}","templated":true}]}}