{"id":31441,"date":"2026-05-01T14:37:06","date_gmt":"2026-05-01T14:37:06","guid":{"rendered":"https:\/\/eskigazeteci.com\/?p=31441"},"modified":"2026-05-01T14:37:06","modified_gmt":"2026-05-01T14:37:06","slug":"bahreny-krali-hamed-bin-isa-al-halifeden-iran-talimati","status":"publish","type":"post","link":"https:\/\/eskigazeteci.com\/?p=31441","title":{"rendered":"Bahreny Kral\u0131 Hamed bin \u0130sa Al Halife&#8217;den &#8216;\u0130ran&#8217; talimat\u0131"},"content":{"rendered":"<p>Bahreyn Kral\u0131 Hamed bin \u0130sa Al Halife, baz\u0131 \u015eii milletvekillerinin &quot;\u0130ran sald\u0131r\u0131lar\u0131n\u0131 \u00f6venlerin&quot; vatanda\u015fl\u0131\u011f\u0131n\u0131n iptaline y\u00f6nelik yasay\u0131 onaylamay\u0131 reddetti\u011fine dair haberlerin ard\u0131ndan konuya ili\u015fkin a\u00e7\u0131klama yapt\u0131.<\/p>\n<p>A\u00e7\u0131klamada, Al Halife &quot;Bahreyn\u2019in g\u00fcvenli\u011fini, istikrar\u0131n\u0131 ve halk\u0131n\u0131n selametini hedef alan \u0130ran kaynakl\u0131 hain sald\u0131r\u0131, vicdanlar\u0131n\u0131 d\u00fc\u015fmana satanlar\u0131n ger\u00e7ek y\u00fcz\u00fcn\u00fc ortaya \u00e7\u0131kard\u0131.&quot; ifadelerini kulland\u0131.<\/p>\n<p>\u0130ran&#x27;\u0131 &quot;Bahreyn ve K\u00f6rfez \u0130\u015fbirli\u011fi Konseyi (K\u0130K) \u00fclkelerinin i\u00e7 i\u015flerine m\u00fcdahale etmeyi b\u0131rakmaya&quot; \u00e7a\u011f\u0131ran Bahreyn Kral\u0131, &quot;ya\u015fananlardan dolay\u0131 b\u00fcy\u00fck \u00f6fke ve baz\u0131 milletvekillerinin hainlerin yan\u0131nda saf tutmas\u0131ndan \u00fcz\u00fcnt\u00fc duydu\u011funu&quot; kaydetti.<\/p>\n<p>Al Halife, a\u00e7\u0131klamas\u0131nda &quot;\u00dclkenin emanet edildi\u011fi ki\u015filerin ona ihanet etti\u011fini, halk\u0131n kendilerini temsil etmeleri i\u00e7in se\u00e7tiklerinin ise kamuoyunun reddetti\u011fi ve \u00e7irkin buldu\u011fu hainlerin yan\u0131nda yer ald\u0131\u011f\u0131n\u0131 g\u00f6r\u00fcrken nas\u0131l \u00f6fkelenmeyelim?&quot; ifadelerine yer verdi.<\/p>\n<p>&quot;Vatanda\u015fl\u0131\u011f\u0131n verilecek bir ka\u011f\u0131t par\u00e7as\u0131 de\u011fil bir s\u00f6zle\u015fme ve taahh\u00fct oldu\u011funu; taahh\u00fcd\u00fc bozan\u0131n hakk\u0131n\u0131 kaybetti\u011fini&quot; vurgulayan Al Halife, &quot;\u0130ran&#x27;\u0131n al\u00e7ak\u00e7a sald\u0131r\u0131lar\u0131yla i\u015fbirli\u011fi yapan herkesin s\u0131n\u0131r d\u0131\u015f\u0131 edilmesi&quot; talimat\u0131 verdi.<\/p>\n<p>&quot;T\u00fcm K\u0130K \u00fcye&#8230;<\/p>\n","protected":false},"excerpt":{"rendered":"<p>Bahreyn Kral\u0131 Hamed bin \u0130sa Al Halife, \u0130ran&#8217;\u0131n \u00fclkeye y\u00f6nelik sald\u0131r\u0131lar\u0131n\u0131 destekledikleri su\u00e7lamas\u0131yla daha fazla ki\u015fi hakk\u0131nda vatanda\u015fl\u0131ktan \u00e7\u0131kar\u0131lma&#8230;<\/p>\n","protected":false},"author":2,"featured_media":31440,"comment_status":"open","ping_status":"open","sticky":false,"template":"","format":"standard","meta":{"footnotes":""},"categories":[6,5],"tags":[],"class_list":["post-31441","post","type-post","status-publish","format-standard","has-post-thumbnail","hentry","category-gundem","category-son-dakika"],"_links":{"self":[{"href":"https:\/\/eskigazeteci.com\/index.php?rest_route=\/wp\/v2\/posts\/31441","targetHints":{"allow":["GET"]}}],"collection":[{"href":"https:\/\/eskigazeteci.com\/index.php?rest_route=\/wp\/v2\/posts"}],"about":[{"href":"https:\/\/eskigazeteci.com\/index.php?rest_route=\/wp\/v2\/types\/post"}],"author":[{"embeddable":true,"href":"https:\/\/eskigazeteci.com\/index.php?rest_route=\/wp\/v2\/users\/2"}],"replies":[{"embeddable":true,"href":"https:\/\/eskigazeteci.com\/index.php?rest_route=%2Fwp%2Fv2%2Fcomments&post=31441"}],"version-history":[{"count":0,"href":"https:\/\/eskigazeteci.com\/index.php?rest_route=\/wp\/v2\/posts\/31441\/revisions"}],"wp:featuredmedia":[{"embeddable":true,"href":"https:\/\/eskigazeteci.com\/index.php?rest_route=\/wp\/v2\/media\/31440"}],"wp:attachment":[{"href":"https:\/\/eskigazeteci.com\/index.php?rest_route=%2Fwp%2Fv2%2Fmedia&parent=31441"}],"wp:term":[{"taxonomy":"category","embeddable":true,"href":"https:\/\/eskigazeteci.com\/index.php?rest_route=%2Fwp%2Fv2%2Fcategories&post=31441"},{"taxonomy":"post_tag","embeddable":true,"href":"https:\/\/eskigazeteci.com\/index.php?rest_route=%2Fwp%2Fv2%2Ftags&post=31441"}],"curies":[{"name":"wp","href":"https:\/\/api.w.org\/{rel}","templated":true}]}}