{"id":31437,"date":"2026-05-01T14:28:27","date_gmt":"2026-05-01T14:28:27","guid":{"rendered":"https:\/\/eskigazeteci.com\/?p=31437"},"modified":"2026-05-01T14:28:27","modified_gmt":"2026-05-01T14:28:27","slug":"tayvanda-deprem-6-1-buyuklugunde","status":"publish","type":"post","link":"https:\/\/eskigazeteci.com\/?p=31437","title":{"rendered":"Tayvan&#8217;da deprem: 6.1 b\u00fcy\u00fckl\u00fc\u011f\u00fcnde"},"content":{"rendered":"<p>Tayvan &#x27;\u0131n, merkez \u00fcss\u00fc \u00fclkenin kuzeyindeki Yilan ili a\u00e7\u0131klar\u0131nda deprem meydana geldi\u011fi bildirildi.<\/p>\n<p>Merkezi Meteoroloji B\u00fcrosundan (CWA) yap\u0131lan a\u00e7\u0131klamaya g\u00f6re, merkez \u00fcss\u00fc Yilan&#x27;\u0131n merkezinin 38.7 kilometre kuzeydo\u011fusu olan deprem, 98.3 kilometre derinlikte kaydedildi.<\/p>\n<p>6.1 b\u00fcy\u00fckl\u00fc\u011f\u00fcndeki deprem , Yilan&#x27;\u0131n yan\u0131 s\u0131ra Ada&#x27;n\u0131n kuzeyi ve do\u011fu k\u0131y\u0131s\u0131ndaki di\u011fer yerle\u015fimlerde hissedildi.<\/p>\n<p>Depremin ard\u0131ndan can veya mal kayb\u0131 bildirilmedi.<\/p>\n<p>Yurtd\u0131\u015f\u0131nda ya\u015fanan en son olaylar, d\u00fcnya g\u00fcndemine oturan d\u0131\u015f haberler, son dakika d\u00fcnya haberleri, di\u011fer d\u00fcnya \u00fclkelerinden g\u00fcncel haberler i\u00e7in T\u00fcrkiye&#x27;nin haber sitesi hurriyet.com.tr; Hurriyet.com.tr haber i\u00e7erikleri kaynak g\u00f6sterilmeden al\u0131nt\u0131 yap\u0131lamaz, Kanuna ayk\u0131r\u0131 ve izinsiz olarak kopyalanamaz, ba\u015fka yerde yay\u0131nlanamaz.<\/p>\n","protected":false},"excerpt":{"rendered":"<p>Tayvan&#8217;\u0131n kuzeyindeki Yilan ili a\u00e7\u0131klar\u0131nda 6.1 b\u00fcy\u00fckl\u00fc\u011f\u00fcnde deprem meydana geldi\u011fi bildirildi.<\/p>\n","protected":false},"author":2,"featured_media":31436,"comment_status":"open","ping_status":"open","sticky":false,"template":"","format":"standard","meta":{"footnotes":""},"categories":[6,5],"tags":[],"class_list":["post-31437","post","type-post","status-publish","format-standard","has-post-thumbnail","hentry","category-gundem","category-son-dakika"],"_links":{"self":[{"href":"https:\/\/eskigazeteci.com\/index.php?rest_route=\/wp\/v2\/posts\/31437","targetHints":{"allow":["GET"]}}],"collection":[{"href":"https:\/\/eskigazeteci.com\/index.php?rest_route=\/wp\/v2\/posts"}],"about":[{"href":"https:\/\/eskigazeteci.com\/index.php?rest_route=\/wp\/v2\/types\/post"}],"author":[{"embeddable":true,"href":"https:\/\/eskigazeteci.com\/index.php?rest_route=\/wp\/v2\/users\/2"}],"replies":[{"embeddable":true,"href":"https:\/\/eskigazeteci.com\/index.php?rest_route=%2Fwp%2Fv2%2Fcomments&post=31437"}],"version-history":[{"count":0,"href":"https:\/\/eskigazeteci.com\/index.php?rest_route=\/wp\/v2\/posts\/31437\/revisions"}],"wp:featuredmedia":[{"embeddable":true,"href":"https:\/\/eskigazeteci.com\/index.php?rest_route=\/wp\/v2\/media\/31436"}],"wp:attachment":[{"href":"https:\/\/eskigazeteci.com\/index.php?rest_route=%2Fwp%2Fv2%2Fmedia&parent=31437"}],"wp:term":[{"taxonomy":"category","embeddable":true,"href":"https:\/\/eskigazeteci.com\/index.php?rest_route=%2Fwp%2Fv2%2Fcategories&post=31437"},{"taxonomy":"post_tag","embeddable":true,"href":"https:\/\/eskigazeteci.com\/index.php?rest_route=%2Fwp%2Fv2%2Ftags&post=31437"}],"curies":[{"name":"wp","href":"https:\/\/api.w.org\/{rel}","templated":true}]}}