{"id":31435,"date":"2026-05-01T14:26:55","date_gmt":"2026-05-01T14:26:55","guid":{"rendered":"https:\/\/eskigazeteci.com\/?p=31435"},"modified":"2026-05-01T14:26:55","modified_gmt":"2026-05-01T14:26:55","slug":"gianni-infantino-fifa-baskanligina-yeniden-aday-olacak","status":"publish","type":"post","link":"https:\/\/eskigazeteci.com\/?p=31435","title":{"rendered":"Gianni Infantino, FIFA ba\u015fkanl\u0131\u011f\u0131na yeniden aday olacak!"},"content":{"rendered":"<p>Kanada&#x27;n\u0131n Vancouver kentinde d\u00fczenlenen FIFA Kongresi&#x27;nde konu\u015fan 56 ya\u015f\u0131ndaki Infantino, &quot;Gelecek y\u0131l yap\u0131lacak FIFA ba\u015fkanl\u0131k se\u00e7imi i\u00e7in aday olaca\u011f\u0131m\u0131 size teyit etmek istiyorum.&quot; dedi.<\/p>\n<p>FIFA ba\u015fkanl\u0131k koltu\u011funa 2016&#x27;da oturan, 2019 ve 2023 y\u0131llar\u0131nda se\u00e7imlere tek aday olarak giren Infantino, Asya, Afrika ve G\u00fcney Amerika konfederasyonlar\u0131n\u0131n deste\u011fini alm\u0131\u015f durumda. Bu \u00fc\u00e7 konfederasyon, 211 \u00fcye federasyonun 110&#x27;unu temsil ediyor.<\/p>\n<p>2026 D\u00fcnya Kupas\u0131 &#x27;na kat\u0131lan 48 tak\u0131ma verilecek para \u00f6d\u00fcl\u00fcn\u00fc 2&#x27;\u015fer milyon dolar daha art\u0131ran Infantino, \u00fcye federasyonlara 2,7 milyar dolar da\u011f\u0131t\u0131laca\u011f\u0131 s\u00f6z\u00fcn\u00fc verdi.<\/p>\n<p>FIFA ba\u015fkanl\u0131\u011f\u0131 se\u00e7imleri 18 Mart 2027&#x27;de, Fas&#x27;\u0131n ba\u015fkenti Rabat&#x27;ta yap\u0131lacak.<\/p>\n<p>T\u00fcrkiye&#x27;den ve D\u00fcnya\u2019dan son dakika haberleri, k\u00f6\u015fe yaz\u0131lar\u0131, magazinden siyasete, spordan seyahate b\u00fct\u00fcn konular\u0131n tek adresi Hurriyet.com.tr haber i\u00e7erikleri izin al\u0131nmadan, kaynak g\u00f6sterilerek dahi iktibas edilemez. Kanuna ayk\u0131r\u0131 ve izinsiz olarak kopyalanamaz, ba\u015fka yerde yay\u0131nlanamaz.<\/p>\n","protected":false},"excerpt":{"rendered":"<p>FIFA Ba\u015fkan\u0131 Gianni Infantino, gelecek y\u0131l ba\u015fkanl\u0131\u011fa yeniden aday olaca\u011f\u0131n\u0131 duyurdu.<\/p>\n","protected":false},"author":2,"featured_media":31434,"comment_status":"open","ping_status":"open","sticky":false,"template":"","format":"standard","meta":{"footnotes":""},"categories":[5,7],"tags":[],"class_list":["post-31435","post","type-post","status-publish","format-standard","has-post-thumbnail","hentry","category-son-dakika","category-spor"],"_links":{"self":[{"href":"https:\/\/eskigazeteci.com\/index.php?rest_route=\/wp\/v2\/posts\/31435","targetHints":{"allow":["GET"]}}],"collection":[{"href":"https:\/\/eskigazeteci.com\/index.php?rest_route=\/wp\/v2\/posts"}],"about":[{"href":"https:\/\/eskigazeteci.com\/index.php?rest_route=\/wp\/v2\/types\/post"}],"author":[{"embeddable":true,"href":"https:\/\/eskigazeteci.com\/index.php?rest_route=\/wp\/v2\/users\/2"}],"replies":[{"embeddable":true,"href":"https:\/\/eskigazeteci.com\/index.php?rest_route=%2Fwp%2Fv2%2Fcomments&post=31435"}],"version-history":[{"count":0,"href":"https:\/\/eskigazeteci.com\/index.php?rest_route=\/wp\/v2\/posts\/31435\/revisions"}],"wp:featuredmedia":[{"embeddable":true,"href":"https:\/\/eskigazeteci.com\/index.php?rest_route=\/wp\/v2\/media\/31434"}],"wp:attachment":[{"href":"https:\/\/eskigazeteci.com\/index.php?rest_route=%2Fwp%2Fv2%2Fmedia&parent=31435"}],"wp:term":[{"taxonomy":"category","embeddable":true,"href":"https:\/\/eskigazeteci.com\/index.php?rest_route=%2Fwp%2Fv2%2Fcategories&post=31435"},{"taxonomy":"post_tag","embeddable":true,"href":"https:\/\/eskigazeteci.com\/index.php?rest_route=%2Fwp%2Fv2%2Ftags&post=31435"}],"curies":[{"name":"wp","href":"https:\/\/api.w.org\/{rel}","templated":true}]}}