{"id":31433,"date":"2026-05-01T14:18:28","date_gmt":"2026-05-01T14:18:28","guid":{"rendered":"https:\/\/eskigazeteci.com\/?p=31433"},"modified":"2026-05-01T14:18:28","modified_gmt":"2026-05-01T14:18:28","slug":"izmirde-soke-eden-olay-goruntuler-buyuk-tepki-cekti-uyuyan-yasli-adamin-yuzune-tekme-atip-sosyal-medyada-paylastilar","status":"publish","type":"post","link":"https:\/\/eskigazeteci.com\/?p=31433","title":{"rendered":"\u0130zmir&#8217;de \u015foke eden olay! G\u00f6r\u00fcnt\u00fcler b\u00fcy\u00fck tepki \u00e7ekti: Uyuyan ya\u015fl\u0131 adam\u0131n y\u00fcz\u00fcne tekme at\u0131p sosyal medyada payla\u015ft\u0131lar"},"content":{"rendered":"<p>Olay, \u0130zmir &#x27;in Buca il\u00e7esinde meydana geldi. Edinilen bilgiye g\u00f6re, sokakta yatan ya\u015fl\u0131 adam\u0131n yan\u0131na yakla\u015fan iki gen\u00e7ten biri cep telefonu kameras\u0131n\u0131 a\u00e7arak kayda girdi. Ya\u015fl\u0131 adam\u0131 uykusundan uyand\u0131ran ve bir s\u00fcre alay eden \u015f\u00fcpheliler, daha sonra ak\u0131lalmaz bir \u015fiddete ba\u015fvurdu.<\/p>\n<p>G\u00f6r\u00fcnt\u00fcy\u00fc \u00e7eken \u015f\u00fcphelinin y\u00f6nlendirmesiyle hareket eden di\u011fer \u015fah\u0131s, ya\u015fl\u0131 adam\u0131n y\u00fcz\u00fcne aya\u011f\u0131yla sert bir tekme att\u0131. Ald\u0131\u011f\u0131 a\u011f\u0131r darbe ile sars\u0131lan ve sald\u0131rganlara tepki g\u00f6steren ya\u015fl\u0131 adam b\u00fcy\u00fck \u015fok ya\u015farken, iki \u015f\u00fcpheli \u015fah\u0131s olay yerinden h\u0131zla uzakla\u015ft\u0131.<\/p>\n<p>\u015e\u00fcpheliler, \u015foke eden g\u00f6r\u00fcnt\u00fcleri sosyal medyada payla\u015ft\u0131. G\u00f6r\u00fcnt\u00fcler izleyenlerin b\u00fcy\u00fck tepkisini \u00e7ekti.<\/p>\n<p>T\u00fcrkiye g\u00fcndeminden son dakika haberleri, bug\u00fcn ya\u015fanan en son geli\u015fmeler, siyaset g\u00fcndeminden g\u00fcncel haberler ve b\u00fct\u00fcn son dakika haberleri i\u00e7in H\u00fcrriyet&#x27;in internet haber sitesi hurriyet.com.tr; Hurriyet.com.tr haber i\u00e7erikleri kaynak g\u00f6sterilmeden al\u0131nt\u0131 yap\u0131lamaz, Kanuna ayk\u0131r\u0131 ve izinsiz olarak kopyalanamaz, ba\u015fka yerde yay\u0131nlanamaz.<\/p>\n","protected":false},"excerpt":{"rendered":"<p>\u0130zmir&#8217;in Buca il\u00e7esinde 2 \u015f\u00fcpheli, sokakta uyuyan ya\u015fl\u0131 bir adam\u0131n y\u00fcz\u00fcne tekme at\u0131p dalga ge\u00e7ti. G\u00f6r\u00fcnt\u00fcleri sosyal medyada payla\u015fan \u015fah\u0131slar, b\u00fcy\u00fck tepki&#8230;<\/p>\n","protected":false},"author":2,"featured_media":31432,"comment_status":"open","ping_status":"open","sticky":false,"template":"","format":"standard","meta":{"footnotes":""},"categories":[6,5],"tags":[],"class_list":["post-31433","post","type-post","status-publish","format-standard","has-post-thumbnail","hentry","category-gundem","category-son-dakika"],"_links":{"self":[{"href":"https:\/\/eskigazeteci.com\/index.php?rest_route=\/wp\/v2\/posts\/31433","targetHints":{"allow":["GET"]}}],"collection":[{"href":"https:\/\/eskigazeteci.com\/index.php?rest_route=\/wp\/v2\/posts"}],"about":[{"href":"https:\/\/eskigazeteci.com\/index.php?rest_route=\/wp\/v2\/types\/post"}],"author":[{"embeddable":true,"href":"https:\/\/eskigazeteci.com\/index.php?rest_route=\/wp\/v2\/users\/2"}],"replies":[{"embeddable":true,"href":"https:\/\/eskigazeteci.com\/index.php?rest_route=%2Fwp%2Fv2%2Fcomments&post=31433"}],"version-history":[{"count":0,"href":"https:\/\/eskigazeteci.com\/index.php?rest_route=\/wp\/v2\/posts\/31433\/revisions"}],"wp:featuredmedia":[{"embeddable":true,"href":"https:\/\/eskigazeteci.com\/index.php?rest_route=\/wp\/v2\/media\/31432"}],"wp:attachment":[{"href":"https:\/\/eskigazeteci.com\/index.php?rest_route=%2Fwp%2Fv2%2Fmedia&parent=31433"}],"wp:term":[{"taxonomy":"category","embeddable":true,"href":"https:\/\/eskigazeteci.com\/index.php?rest_route=%2Fwp%2Fv2%2Fcategories&post=31433"},{"taxonomy":"post_tag","embeddable":true,"href":"https:\/\/eskigazeteci.com\/index.php?rest_route=%2Fwp%2Fv2%2Ftags&post=31433"}],"curies":[{"name":"wp","href":"https:\/\/api.w.org\/{rel}","templated":true}]}}