{"id":31431,"date":"2026-05-01T14:16:55","date_gmt":"2026-05-01T14:16:55","guid":{"rendered":"https:\/\/eskigazeteci.com\/?p=31431"},"modified":"2026-05-01T14:16:55","modified_gmt":"2026-05-01T14:16:55","slug":"marmaray-sefer-saatleri-2026-degisti-marmaray-son-seferi-saat-kacta-kalkiyor","status":"publish","type":"post","link":"https:\/\/eskigazeteci.com\/?p=31431","title":{"rendered":"Marmaray sefer saatleri 2026 de\u011fi\u015fti! Marmaray son seferi saat ka\u00e7ta kalk\u0131yor?"},"content":{"rendered":"<p>Marmaray sefer saatleri 2026 y\u0131l\u0131 itibar\u0131yla g\u00fcncelleniyor. Marmaray sefer saatlerinde yap\u0131lan 2026 g\u00fcncellemesi, mega kentin ula\u015f\u0131m h\u0131z\u0131na ayak uydurmak ad\u0131na yeni bir d\u00f6nemi ba\u015flat\u0131yor. Haftan\u0131n her g\u00fcn\u00fc milyonlarca yolcuya hizmet veren Halkal\u0131-Gebze hatt\u0131nda, \u00f6zellikle son sefer saatlerinin geriye \u00e7ekilmesi ve hafta sonlar\u0131 uygulanan &quot;Gece Marmaray&quot; seferlerinin kapsam\u0131n\u0131n geni\u015fletilmesi dikkat \u00e7ekiyor. Yeni d\u00fczenleme 3 May\u0131s Pazar g\u00fcn\u00fc itibar\u0131yla ba\u015flayacak. Peki, Marmaray son seferi saat ka\u00e7ta kalk\u0131yor?<\/p>\n<p>Marmaray sefer saatleri 2026 y\u0131l\u0131 itibar\u0131yla g\u00fcncelleniyor. Marmaray sefer saatlerinde yap\u0131lan 2026 g\u00fcncellemesi, mega kentin ula\u015f\u0131m h\u0131z\u0131na ayak uydurmak ad\u0131na yeni bir d\u00f6nemi ba\u015flat\u0131yor. Haftan\u0131n her g\u00fcn\u00fc milyonlarca yolcuya hizmet veren Halkal\u0131-Gebze hatt\u0131nda, \u00f6zellikle son sefer saatlerinin geriye \u00e7ekilmesi ve hafta sonlar\u0131 uygulanan &quot;Gece Marmaray&quot; seferlerinin kapsam\u0131n\u0131n geni\u015fletilmesi dikkat \u00e7ekiyor. Yeni d\u00fczenleme 3 May\u0131s Pazar g\u00fcn\u00fc itibar\u0131yla ba\u015flayacak. Peki, Marmaray son seferi saat ka\u00e7ta kalk\u0131yor?<\/p>\n<p>Yap\u0131lan son duyuruyla birlikte, daha \u00f6nce 22:50 olan hafta i\u00e7i son sefer saatinin 3 May\u0131s 2026 itibar\u0131yla 23:20&#x27;ye uzat\u0131lmas\u0131, \u0130stanbullular\u0131n ge\u00e7 saatlerdeki ula\u015f\u0131m&#8230;<\/p>\n","protected":false},"excerpt":{"rendered":"<p>\u0130stanbul\u2019un ula\u015f\u0131m ana arteri olan Marmaray\u2019da, artan yolcu talebi ve gece saatlerindeki ula\u015f\u0131m ihtiyac\u0131n\u0131 kar\u015f\u0131lamak amac\u0131yla 2026 y\u0131l\u0131 itibar\u0131yla sefer&#8230;<\/p>\n","protected":false},"author":2,"featured_media":31430,"comment_status":"open","ping_status":"open","sticky":false,"template":"","format":"standard","meta":{"footnotes":""},"categories":[6,5],"tags":[],"class_list":["post-31431","post","type-post","status-publish","format-standard","has-post-thumbnail","hentry","category-gundem","category-son-dakika"],"_links":{"self":[{"href":"https:\/\/eskigazeteci.com\/index.php?rest_route=\/wp\/v2\/posts\/31431","targetHints":{"allow":["GET"]}}],"collection":[{"href":"https:\/\/eskigazeteci.com\/index.php?rest_route=\/wp\/v2\/posts"}],"about":[{"href":"https:\/\/eskigazeteci.com\/index.php?rest_route=\/wp\/v2\/types\/post"}],"author":[{"embeddable":true,"href":"https:\/\/eskigazeteci.com\/index.php?rest_route=\/wp\/v2\/users\/2"}],"replies":[{"embeddable":true,"href":"https:\/\/eskigazeteci.com\/index.php?rest_route=%2Fwp%2Fv2%2Fcomments&post=31431"}],"version-history":[{"count":0,"href":"https:\/\/eskigazeteci.com\/index.php?rest_route=\/wp\/v2\/posts\/31431\/revisions"}],"wp:featuredmedia":[{"embeddable":true,"href":"https:\/\/eskigazeteci.com\/index.php?rest_route=\/wp\/v2\/media\/31430"}],"wp:attachment":[{"href":"https:\/\/eskigazeteci.com\/index.php?rest_route=%2Fwp%2Fv2%2Fmedia&parent=31431"}],"wp:term":[{"taxonomy":"category","embeddable":true,"href":"https:\/\/eskigazeteci.com\/index.php?rest_route=%2Fwp%2Fv2%2Fcategories&post=31431"},{"taxonomy":"post_tag","embeddable":true,"href":"https:\/\/eskigazeteci.com\/index.php?rest_route=%2Fwp%2Fv2%2Ftags&post=31431"}],"curies":[{"name":"wp","href":"https:\/\/api.w.org\/{rel}","templated":true}]}}